{"id":61602,"date":"2026-09-06T18:31:54","date_gmt":"2026-09-06T21:31:54","guid":{"rendered":"https:\/\/lt15concordia.com.ar\/?p=61602"},"modified":"2026-09-06T18:32:05","modified_gmt":"2026-09-06T21:32:05","slug":"malvinas-como-tabla-de-salvacion-el-gobierno-estira-la-causa-para-cambiar-el-cli","status":"publish","type":"post","link":"https:\/\/lt15concordia.com.ar\/index.php\/2026\/09\/06\/malvinas-como-tabla-de-salvacion-el-gobierno-estira-la-causa-para-cambiar-el-cli\/","title":{"rendered":"Malvinas como tabla de salvaci\u00f3n: el Gobierno estira la causa para cambiar el clima pol\u00edtico"},"content":{"rendered":"<p>Tres grandes empresas petroleras globales anunciaron que no participar\u00e1n en proyectos en las <strong>Islas Malvinas<\/strong> sin autorizaci\u00f3n argentina. <strong>Javier Milei<\/strong> lo celebr\u00f3 con un tuit: <strong>&#8220;TMAP!&#8221;<\/strong>, la sigla que resume &#8220;Todo Marcha Acorde al Plan&#8221;, acu\u00f1ada por su asesor <strong>Santiago Caputo<\/strong>. Pero el festejo va m\u00e1s all\u00e1 del impacto econ\u00f3mico: adentro del Gobierno saben que la jugada les devolvi\u00f3 algo que hab\u00edan perdido en las \u00faltimas semanas, la iniciativa pol\u00edtica.<\/p>\n<p>El contexto no era c\u00f3modo para <strong>La Libertad Avanza<\/strong>. El debate por la llamada <strong>&#8220;Ley de Extranjerizaci\u00f3n de Tierras&#8221;<\/strong> \u2014rebautizada as\u00ed con eficacia por el kirchnerismo y la izquierda, originalmente impulsada como Ley de Inviolabilidad de la Propiedad Privada\u2014 hab\u00eda reactivado chats entre gobernadores peronistas, el entorno de <strong>Sergio Massa<\/strong> y hasta referentes cercanos a <strong>Cristina Kirchner<\/strong>. Un reagrupamiento que en la mesa pol\u00edtica mile\u00edsta encendi\u00f3 alarmas: el fantasma de la reforma previsional de <strong>Mauricio Macri<\/strong> en diciembre de 2017, aquella que, seg\u00fan leen en el oficialismo, fue la semilla del Frente de Todos.<\/p>\n<p>A eso se sum\u00f3 la flexibilidad que mostr\u00f3 Cristina para aprobar decenas de pliegos de jueces, incluyendo el nombramiento en la <strong>C\u00e1mara Federal de Comodoro Py<\/strong> de <strong>Pablo Yadarola<\/strong>, un magistrado con quien el cristinismo puro supo confrontar. Se\u00f1al de pragmatismo que no pas\u00f3 desapercibida. &#8220;Cuando huelen sangre, se unen&#8221;, admiti\u00f3 con franqueza una voz de peso del Gabinete.<\/p>\n<p>La cadena nacional sobre Malvinas no fue un movimiento premeditado por la mesa pol\u00edtica. Fue <strong>Milei<\/strong> quien vio en el replanteo de <strong>Trump<\/strong> sobre la soberan\u00eda de las islas una oportunidad para subirse a una agenda en la que ya trabajaba con el canciller <strong>Pablo Quirno<\/strong>, pero que hab\u00eda evitado durante el Mundial para no mezclarla con la Selecci\u00f3n. &#8220;No quer\u00eda que dijeran que intentaba utilizar a la Scaloneta&#8221;, interpreta un colaborador del Presidente.<\/p>\n<p>Aconsejado por <strong>Caputo<\/strong>, Milei decidi\u00f3 involucrar a la oposici\u00f3n en lugar de confrontarla. La frase que pronunci\u00f3 fue quir\u00fargica: <strong>&#8220;Este tema demanda que hagamos nuestras armas a un lado y mostremos un frente unido ante el mundo&#8221;<\/strong>. El resultado fue una foto de unidad que el oficialismo no hab\u00eda logrado construir en meses. Esta semana, el Gobierno enviar\u00e1 al Congreso el proyecto para <strong>endurecer las sanciones<\/strong> a quienes operen en Malvinas sin autorizaci\u00f3n argentina, y negocia con la oposici\u00f3n para asegurarse los votos. La pregunta que nadie responde con certeza es cu\u00e1nto tiempo puede durar el efecto.<\/p>\n<p><script type=\"application\/ld+json\">{\"@context\": \"https:\/\/schema.org\", \"@type\": \"NewsArticle\", \"headline\": \"Malvinas como tabla de salvaci\u00f3n: el Gobierno estira la causa para cambiar el clima pol\u00edtico\", \"description\": \"El oficialismo busca sostener el impulso de la cadena nacional sobre Malvinas para salir de un clima adverso. Esta semana llega el proyecto para endurecer sanciones.\", \"datePublished\": \"2026-09-06T18:32:05-03:00\", \"dateModified\": \"2026-09-06T18:32:05-03:00\", \"inLanguage\": \"es-AR\", \"articleSection\": \"politica\", \"author\": {\"@type\": \"Organization\", \"name\": \"Redaccion LT15 Concordia\", \"url\": \"https:\/\/lt15concordia.com.ar\"}, \"publisher\": {\"@type\": \"Organization\", \"name\": \"LT15 Concordia\"}, \"mainEntityOfPage\": {\"@type\": \"WebPage\", \"@id\": \"https:\/\/lt15concordia.com.ar\/index.php\/2026\/09\/06\/malvinas-como-tabla-de-salvacion-el-gobierno-estira-la-causa-para-cambiar-el-cli\/\"}, \"image\": [\"https:\/\/www.clarin.com\/img\/2026\/09\/03\/3NHPkRwFP_1200x630__1.jpg\"]}<\/script><\/p>\n","protected":false},"excerpt":{"rendered":"<p>El oficialismo busca sostener el impulso de la cadena nacional sobre Malvinas para salir de un clima adverso. Esta semana llega el proyecto para endurecer sanciones.<\/p>\n","protected":false},"author":5,"featured_media":61601,"comment_status":"closed","ping_status":"closed","sticky":false,"template":"","format":"standard","meta":{"footnotes":""},"categories":[89],"tags":[1073,224,513,2236,4914,4913],"_links":{"self":[{"href":"https:\/\/lt15concordia.com.ar\/index.php\/wp-json\/wp\/v2\/posts\/61602"}],"collection":[{"href":"https:\/\/lt15concordia.com.ar\/index.php\/wp-json\/wp\/v2\/posts"}],"about":[{"href":"https:\/\/lt15concordia.com.ar\/index.php\/wp-json\/wp\/v2\/types\/post"}],"author":[{"embeddable":true,"href":"https:\/\/lt15concordia.com.ar\/index.php\/wp-json\/wp\/v2\/users\/5"}],"replies":[{"embeddable":true,"href":"https:\/\/lt15concordia.com.ar\/index.php\/wp-json\/wp\/v2\/comments?post=61602"}],"version-history":[{"count":2,"href":"https:\/\/lt15concordia.com.ar\/index.php\/wp-json\/wp\/v2\/posts\/61602\/revisions"}],"predecessor-version":[{"id":61604,"href":"https:\/\/lt15concordia.com.ar\/index.php\/wp-json\/wp\/v2\/posts\/61602\/revisions\/61604"}],"wp:featuredmedia":[{"embeddable":true,"href":"https:\/\/lt15concordia.com.ar\/index.php\/wp-json\/wp\/v2\/media\/61601"}],"wp:attachment":[{"href":"https:\/\/lt15concordia.com.ar\/index.php\/wp-json\/wp\/v2\/media?parent=61602"}],"wp:term":[{"taxonomy":"category","embeddable":true,"href":"https:\/\/lt15concordia.com.ar\/index.php\/wp-json\/wp\/v2\/categories?post=61602"},{"taxonomy":"post_tag","embeddable":true,"href":"https:\/\/lt15concordia.com.ar\/index.php\/wp-json\/wp\/v2\/tags?post=61602"}],"curies":[{"name":"wp","href":"https:\/\/api.w.org\/{rel}","templated":true}]}}