{"id":61598,"date":"2026-09-06T18:31:01","date_gmt":"2026-09-06T21:31:01","guid":{"rendered":"https:\/\/lt15concordia.com.ar\/?p=61598"},"modified":"2026-09-06T18:31:13","modified_gmt":"2026-09-06T21:31:13","slug":"ate-para-el-pami-este-martes-y-denuncia-una-deuda-de-500000-millones","status":"publish","type":"post","link":"https:\/\/lt15concordia.com.ar\/index.php\/2026\/09\/06\/ate-para-el-pami-este-martes-y-denuncia-una-deuda-de-500000-millones\/","title":{"rendered":"ATE para el PAMI este martes y denuncia una deuda de $500.000 millones"},"content":{"rendered":"<p>Una bomba de tiempo con jubilados adentro. Eso es lo que describe <strong>ATE<\/strong> cuando habla del <strong>PAMI<\/strong>, y este martes <strong>8 de septiembre<\/strong> el gremio va a hacer ruido: paro nacional en la obra social y movilizaci\u00f3n a la sede central, en <strong>avenida Corrientes 655<\/strong>, en la Ciudad de Buenos Aires. La protesta arranca a las <strong>13 horas<\/strong> y se replica con paralizaci\u00f3n de actividades en todo el pa\u00eds.<\/p>\n<p>El cuadro que pinta el sindicato es grave. Seg\u00fan <strong>ATE<\/strong>, el PAMI acumula una <strong>deuda con prestadores que supera los $500.000 millones<\/strong>, los trabajadores del organismo cobran salarios por debajo de la canasta b\u00e1sica y los m\u00e1s de <strong>5 millones de afiliados<\/strong> enfrentan dificultades crecientes para acceder a medicamentos y prestaciones de salud.<\/p>\n<p><strong>Rodolfo Aguiar<\/strong>, secretario general de ATE Nacional y trabajador del PAMI, no midi\u00f3 las palabras: <em>&#8220;Si no frenamos a tiempo tanta desidia de los funcionarios, la obra social ser\u00e1 irrecuperable. M\u00e1s de 5 millones de jubilados son v\u00edctimas y rehenes de quienes est\u00e1n haciendo negocios a costa de su salud&#8221;<\/em>, afirm\u00f3 el dirigente.<\/p>\n<p>Aguiar tambi\u00e9n lanz\u00f3 una cifra que sacude: seg\u00fan sostuvo, en los <strong>\u00faltimos dos a\u00f1os murieron 45 mil adultos mayores m\u00e1s de los esperados<\/strong>, dato que vincul\u00f3 con la falta de medicamentos y las trabas para acceder a la atenci\u00f3n. <em>&#8220;El vaciamiento de la obra social que se ha llevado adelante en este tiempo no tiene precedentes. Los jubilados ya no tienen ning\u00fan tipo de prestaci\u00f3n&#8221;<\/em>, insisti\u00f3.<\/p>\n<p>En paralelo, el reclamo se cruza con una turbulencia institucional: en las \u00faltimas horas se confirm\u00f3 la salida de <strong>Juan Cruz Montero<\/strong> de la Coordinaci\u00f3n Ejecutiva del PAMI. Seg\u00fan inform\u00f3 ATE, ser\u00e1 reemplazado por <strong>Ver\u00f3nica Gabriela P\u00e9rez<\/strong>, a quien el gremio vincula pol\u00edticamente con <strong>Santiago Caputo<\/strong>. Tambi\u00e9n dej\u00f3 su cargo <strong>Florencia Zicavo<\/strong>, de la sindicatura del organismo, sin que hasta el momento se defina su reemplazo.<\/p>\n<p>El financiamiento es otro flanco caliente. ATE apunta contra la eliminaci\u00f3n del <strong>Impuesto PAIS<\/strong>, que aportaba recursos a la obra social. El Gobierno nacional hab\u00eda prometido compensar esos fondos con partidas del Tesoro, pero los n\u00fameros del gremio cuentan otra historia: de los <strong>$2,8 billones<\/strong> que habr\u00edan ingresado al PAMI por ese tributo, hasta julio de este a\u00f1o solo se habr\u00edan compensado <strong>$0,9 billones<\/strong>. Una diferencia de casi dos billones de pesos que, para ATE, explica buena parte del deterioro.<\/p>\n<p><em>&#8220;Despu\u00e9s de haber aportado durante toda su vida, a los jubilados se les vulnera su derecho humano de acceder de manera libre y gratuita al sistema de salud&#8221;<\/em>, cerr\u00f3 Aguiar. El dirigente advirti\u00f3 que, si no hay respuestas concretas tras el paro del martes, las medidas de fuerza podr\u00edan profundizarse en los pr\u00f3ximos d\u00edas.<\/p>\n<p><script type=\"application\/ld+json\">{\"@context\": \"https:\/\/schema.org\", \"@type\": \"NewsArticle\", \"headline\": \"ATE para el PAMI este martes y denuncia una deuda de $500.000 millones\", \"description\": \"El gremio convoca a un paro nacional y movilizaci\u00f3n en Buenos Aires por deudas con prestadores, salarios congelados y deterioro en la atenci\u00f3n a jubilados.\", \"datePublished\": \"2026-09-06T18:31:13-03:00\", \"dateModified\": \"2026-09-06T18:31:13-03:00\", \"inLanguage\": \"es-AR\", \"articleSection\": \"sociedad\", \"author\": {\"@type\": \"Organization\", \"name\": \"Redaccion LT15 Concordia\", \"url\": \"https:\/\/lt15concordia.com.ar\"}, \"publisher\": {\"@type\": \"Organization\", \"name\": \"LT15 Concordia\"}, \"mainEntityOfPage\": {\"@type\": \"WebPage\", \"@id\": \"https:\/\/lt15concordia.com.ar\/index.php\/2026\/09\/06\/ate-para-el-pami-este-martes-y-denuncia-una-deuda-de-500000-millones\/\"}, \"image\": [\"https:\/\/www.diariojunio.com.ar\/wp-content\/uploads\/2026\/09\/IMG-20260906-WA0027-1536x1023-1.jpg\"]}<\/script><\/p>\n","protected":false},"excerpt":{"rendered":"<p>El gremio convoca a un paro nacional y movilizaci\u00f3n en Buenos Aires por deudas con prestadores, salarios congelados y deterioro en la atenci\u00f3n a jubilados.<\/p>\n","protected":false},"author":5,"featured_media":61597,"comment_status":"closed","ping_status":"closed","sticky":false,"template":"","format":"standard","meta":{"footnotes":""},"categories":[89],"tags":[189,1997,131,289,4912,87],"_links":{"self":[{"href":"https:\/\/lt15concordia.com.ar\/index.php\/wp-json\/wp\/v2\/posts\/61598"}],"collection":[{"href":"https:\/\/lt15concordia.com.ar\/index.php\/wp-json\/wp\/v2\/posts"}],"about":[{"href":"https:\/\/lt15concordia.com.ar\/index.php\/wp-json\/wp\/v2\/types\/post"}],"author":[{"embeddable":true,"href":"https:\/\/lt15concordia.com.ar\/index.php\/wp-json\/wp\/v2\/users\/5"}],"replies":[{"embeddable":true,"href":"https:\/\/lt15concordia.com.ar\/index.php\/wp-json\/wp\/v2\/comments?post=61598"}],"version-history":[{"count":2,"href":"https:\/\/lt15concordia.com.ar\/index.php\/wp-json\/wp\/v2\/posts\/61598\/revisions"}],"predecessor-version":[{"id":61600,"href":"https:\/\/lt15concordia.com.ar\/index.php\/wp-json\/wp\/v2\/posts\/61598\/revisions\/61600"}],"wp:featuredmedia":[{"embeddable":true,"href":"https:\/\/lt15concordia.com.ar\/index.php\/wp-json\/wp\/v2\/media\/61597"}],"wp:attachment":[{"href":"https:\/\/lt15concordia.com.ar\/index.php\/wp-json\/wp\/v2\/media?parent=61598"}],"wp:term":[{"taxonomy":"category","embeddable":true,"href":"https:\/\/lt15concordia.com.ar\/index.php\/wp-json\/wp\/v2\/categories?post=61598"},{"taxonomy":"post_tag","embeddable":true,"href":"https:\/\/lt15concordia.com.ar\/index.php\/wp-json\/wp\/v2\/tags?post=61598"}],"curies":[{"name":"wp","href":"https:\/\/api.w.org\/{rel}","templated":true}]}}