{"id":61590,"date":"2026-09-06T16:30:55","date_gmt":"2026-09-06T19:30:55","guid":{"rendered":"https:\/\/lt15concordia.com.ar\/?p=61590"},"modified":"2026-09-06T16:31:06","modified_gmt":"2026-09-06T19:31:06","slug":"molotov-y-disparos-contra-una-casa-en-la-paz-dos-detenidos","status":"publish","type":"post","link":"https:\/\/lt15concordia.com.ar\/index.php\/2026\/09\/06\/molotov-y-disparos-contra-una-casa-en-la-paz-dos-detenidos\/","title":{"rendered":"Molotov y disparos contra una casa en La Paz: dos detenidos"},"content":{"rendered":"<p>Una noche de terror en <strong>La Paz<\/strong>. Un hombre denunci\u00f3 que varios sujetos se acercaron a su vivienda, arrojaron <strong>botellas con presunto combustible<\/strong> y luego abrieron fuego con un arma. El ataque combin\u00f3 incendio y bala: una escalada de violencia que no deja margen para minimizarla.<\/p>\n<p>La <strong>Polic\u00eda<\/strong> actu\u00f3 r\u00e1pido. Tras la denuncia, logr\u00f3 detener a <strong>dos j\u00f3venes<\/strong> e identificar a un <strong>adolescente de 15 a\u00f1os<\/strong> involucrado en el hecho. En el procedimiento tambi\u00e9n se secuestr\u00f3 un <strong>arma de fabricaci\u00f3n casera<\/strong>, lo que confirma que el ataque no fue improvisado al azar: hab\u00eda material, hab\u00eda intenci\u00f3n.<\/p>\n<p>Tres personas coordinaron el ataque contra una vivienda habitada. Primero las molotov, despu\u00e9s los disparos. La secuencia habla de una agresi\u00f3n planificada, no de un arranque impulsivo. Que uno de los involucrados tenga apenas <strong>15 a\u00f1os<\/strong> agrega una capa de preocupaci\u00f3n sobre el perfil de quienes ejecutan este tipo de hechos en la provincia.<\/p>\n<p>La investigaci\u00f3n contin\u00faa para determinar el m\u00f3vil del ataque y la situaci\u00f3n procesal de los detenidos, mientras la Justicia define c\u00f3mo act\u00faa respecto al menor identificado.<\/p>\n<p><script type=\"application\/ld+json\">{\"@context\": \"https:\/\/schema.org\", \"@type\": \"NewsArticle\", \"headline\": \"Molotov y disparos contra una casa en La Paz: dos detenidos\", \"description\": \"Tres j\u00f3venes atacaron una vivienda con bombas molotov y disparos. La Polic\u00eda detuvo a dos e identific\u00f3 a un adolescente de 15 a\u00f1os.\", \"datePublished\": \"2026-09-06T16:31:06-03:00\", \"dateModified\": \"2026-09-06T16:31:06-03:00\", \"inLanguage\": \"es-AR\", \"articleSection\": \"seguridad\", \"author\": {\"@type\": \"Organization\", \"name\": \"Redaccion LT15 Concordia\", \"url\": \"https:\/\/lt15concordia.com.ar\"}, \"publisher\": {\"@type\": \"Organization\", \"name\": \"LT15 Concordia\"}, \"mainEntityOfPage\": {\"@type\": \"WebPage\", \"@id\": \"https:\/\/lt15concordia.com.ar\/index.php\/2026\/09\/06\/molotov-y-disparos-contra-una-casa-en-la-paz-dos-detenidos\/\"}, \"image\": [\"https:\/\/elonce-media.elonce.com\/fotos\/2026\/09\/06\/m_1788719323_60102.webp\"]}<\/script><\/p>\n","protected":false},"excerpt":{"rendered":"<p>Tres j\u00f3venes atacaron una vivienda con bombas molotov y disparos. La Polic\u00eda detuvo a dos e identific\u00f3 a un adolescente de 15 a\u00f1os.<\/p>\n","protected":false},"author":5,"featured_media":61589,"comment_status":"closed","ping_status":"closed","sticky":false,"template":"","format":"standard","meta":{"footnotes":""},"categories":[33,37],"tags":[4909,851,63,580,4910,2205],"_links":{"self":[{"href":"https:\/\/lt15concordia.com.ar\/index.php\/wp-json\/wp\/v2\/posts\/61590"}],"collection":[{"href":"https:\/\/lt15concordia.com.ar\/index.php\/wp-json\/wp\/v2\/posts"}],"about":[{"href":"https:\/\/lt15concordia.com.ar\/index.php\/wp-json\/wp\/v2\/types\/post"}],"author":[{"embeddable":true,"href":"https:\/\/lt15concordia.com.ar\/index.php\/wp-json\/wp\/v2\/users\/5"}],"replies":[{"embeddable":true,"href":"https:\/\/lt15concordia.com.ar\/index.php\/wp-json\/wp\/v2\/comments?post=61590"}],"version-history":[{"count":2,"href":"https:\/\/lt15concordia.com.ar\/index.php\/wp-json\/wp\/v2\/posts\/61590\/revisions"}],"predecessor-version":[{"id":61592,"href":"https:\/\/lt15concordia.com.ar\/index.php\/wp-json\/wp\/v2\/posts\/61590\/revisions\/61592"}],"wp:featuredmedia":[{"embeddable":true,"href":"https:\/\/lt15concordia.com.ar\/index.php\/wp-json\/wp\/v2\/media\/61589"}],"wp:attachment":[{"href":"https:\/\/lt15concordia.com.ar\/index.php\/wp-json\/wp\/v2\/media?parent=61590"}],"wp:term":[{"taxonomy":"category","embeddable":true,"href":"https:\/\/lt15concordia.com.ar\/index.php\/wp-json\/wp\/v2\/categories?post=61590"},{"taxonomy":"post_tag","embeddable":true,"href":"https:\/\/lt15concordia.com.ar\/index.php\/wp-json\/wp\/v2\/tags?post=61590"}],"curies":[{"name":"wp","href":"https:\/\/api.w.org\/{rel}","templated":true}]}}