{"id":61586,"date":"2026-09-06T15:32:27","date_gmt":"2026-09-06T18:32:27","guid":{"rendered":"https:\/\/lt15concordia.com.ar\/?p=61586"},"modified":"2026-09-06T15:32:37","modified_gmt":"2026-09-06T18:32:37","slug":"la-seleccion-define-su-agenda-post-mundial-tres-amistosos-sin-messi","status":"publish","type":"post","link":"https:\/\/lt15concordia.com.ar\/index.php\/2026\/09\/06\/la-seleccion-define-su-agenda-post-mundial-tres-amistosos-sin-messi\/","title":{"rendered":"La Selecci\u00f3n define su agenda post-Mundial: tres amistosos sin Messi"},"content":{"rendered":"<p>El ciclo post-Mundial arranca con novedades. <strong>Este lunes<\/strong>, la <strong>AFA<\/strong> dar\u00e1 a conocer la agenda oficial de la Selecci\u00f3n argentina para la primera fecha <strong>FIFA<\/strong> posterior al Mundial <strong>2026<\/strong>, y todo indica que el equipo podr\u00eda disputar hasta <strong>tres amistosos en suelo argentino<\/strong>.<\/p>\n<p>La gran ausencia que ya se da por descontada es la de <strong>Lionel Messi<\/strong>. El capit\u00e1n hist\u00f3rico no estar\u00eda entre los convocados para esta serie de partidos, lo que convierte a estos encuentros en una especie de primer examen real para el equipo sin su figura m\u00e1s gravitante de las \u00faltimas dos d\u00e9cadas.<\/p>\n<p>Las <strong>sedes<\/strong> de los amistosos todav\u00eda no fueron confirmadas oficialmente, pero se manejan distintas opciones dentro del pa\u00eds. La definici\u00f3n llegar\u00e1 con el anuncio formal que la conducci\u00f3n de la AFA tiene previsto para ma\u00f1ana, cuando tambi\u00e9n se conocer\u00e1n los <strong>rivales<\/strong> que enfrentar\u00e1 el seleccionado en esta ventana internacional.<\/p>\n<p>Para el f\u00fatbol argentino, este momento marca un punto de inflexi\u00f3n: termina una era y empieza otra. La pregunta que flota en el ambiente es cu\u00e1nto puede sostener el equipo de su nivel campe\u00f3n sin el jugador que, durante a\u00f1os, fue sin\u00f3nimo de la camiseta celeste y blanca. Las respuestas, al menos en parte, llegar\u00e1n en cancha durante estos amistosos.<\/p>\n<p>Los detalles completos de la agenda, con fechas, rivales y estadios, quedar\u00e1n confirmados una vez que la <strong>AFA<\/strong> haga el anuncio oficial este <strong>lunes<\/strong>.<\/p>\n<p><script type=\"application\/ld+json\">{\"@context\": \"https:\/\/schema.org\", \"@type\": \"NewsArticle\", \"headline\": \"La Selecci\u00f3n define su agenda post-Mundial: tres amistosos sin Messi\", \"description\": \"La AFA anunciar\u00e1 este lunes los rivales y sedes de los pr\u00f3ximos amistosos de Argentina, los primeros tras el Mundial 2026.\", \"datePublished\": \"2026-09-06T15:32:37-03:00\", \"dateModified\": \"2026-09-06T15:32:37-03:00\", \"inLanguage\": \"es-AR\", \"articleSection\": \"deportes\", \"author\": {\"@type\": \"Organization\", \"name\": \"Redaccion LT15 Concordia\", \"url\": \"https:\/\/lt15concordia.com.ar\"}, \"publisher\": {\"@type\": \"Organization\", \"name\": \"LT15 Concordia\"}, \"mainEntityOfPage\": {\"@type\": \"WebPage\", \"@id\": \"https:\/\/lt15concordia.com.ar\/index.php\/2026\/09\/06\/la-seleccion-define-su-agenda-post-mundial-tres-amistosos-sin-messi\/\"}, \"image\": [\"https:\/\/elonce-media.elonce.com\/fotos\/2026\/09\/06\/m_1788718454_50743.webp\"]}<\/script><\/p>\n","protected":false},"excerpt":{"rendered":"<p>La AFA anunciar\u00e1 este lunes los rivales y sedes de los pr\u00f3ximos amistosos de Argentina, los primeros tras el Mundial 2026.<\/p>\n","protected":false},"author":5,"featured_media":61585,"comment_status":"closed","ping_status":"closed","sticky":false,"template":"","format":"standard","meta":{"footnotes":""},"categories":[34,89],"tags":[1543,4908,376,330,2186,2185],"_links":{"self":[{"href":"https:\/\/lt15concordia.com.ar\/index.php\/wp-json\/wp\/v2\/posts\/61586"}],"collection":[{"href":"https:\/\/lt15concordia.com.ar\/index.php\/wp-json\/wp\/v2\/posts"}],"about":[{"href":"https:\/\/lt15concordia.com.ar\/index.php\/wp-json\/wp\/v2\/types\/post"}],"author":[{"embeddable":true,"href":"https:\/\/lt15concordia.com.ar\/index.php\/wp-json\/wp\/v2\/users\/5"}],"replies":[{"embeddable":true,"href":"https:\/\/lt15concordia.com.ar\/index.php\/wp-json\/wp\/v2\/comments?post=61586"}],"version-history":[{"count":2,"href":"https:\/\/lt15concordia.com.ar\/index.php\/wp-json\/wp\/v2\/posts\/61586\/revisions"}],"predecessor-version":[{"id":61588,"href":"https:\/\/lt15concordia.com.ar\/index.php\/wp-json\/wp\/v2\/posts\/61586\/revisions\/61588"}],"wp:featuredmedia":[{"embeddable":true,"href":"https:\/\/lt15concordia.com.ar\/index.php\/wp-json\/wp\/v2\/media\/61585"}],"wp:attachment":[{"href":"https:\/\/lt15concordia.com.ar\/index.php\/wp-json\/wp\/v2\/media?parent=61586"}],"wp:term":[{"taxonomy":"category","embeddable":true,"href":"https:\/\/lt15concordia.com.ar\/index.php\/wp-json\/wp\/v2\/categories?post=61586"},{"taxonomy":"post_tag","embeddable":true,"href":"https:\/\/lt15concordia.com.ar\/index.php\/wp-json\/wp\/v2\/tags?post=61586"}],"curies":[{"name":"wp","href":"https:\/\/api.w.org\/{rel}","templated":true}]}}