{"id":61582,"date":"2026-09-06T15:31:44","date_gmt":"2026-09-06T18:31:44","guid":{"rendered":"https:\/\/lt15concordia.com.ar\/?p=61582"},"modified":"2026-09-06T15:31:54","modified_gmt":"2026-09-06T18:31:54","slug":"las-ventas-pyme-cayeron-27-en-agosto-y-el-ano-no-da-respiro","status":"publish","type":"post","link":"https:\/\/lt15concordia.com.ar\/index.php\/2026\/09\/06\/las-ventas-pyme-cayeron-27-en-agosto-y-el-ano-no-da-respiro\/","title":{"rendered":"Las ventas pyme cayeron 2,7% en agosto y el a\u00f1o no da respiro"},"content":{"rendered":"<p>El comercio minorista pyme no encuentra el piso. En <strong>agosto<\/strong>, las ventas retrocedieron <strong>2,7%<\/strong> respecto de julio, y lo que es m\u00e1s preocupante: en los primeros <strong>ocho meses del a\u00f1o<\/strong> la ca\u00edda acumulada llega al <strong>2,4%<\/strong>. Los n\u00fameros los public\u00f3 <strong>CAME<\/strong> y no dejan mucho margen para el optimismo.<\/p>\n<p>En la comparaci\u00f3n <strong>interanual<\/strong>, el descenso fue m\u00e1s acotado: <strong>0,2%<\/strong> menos que en agosto del a\u00f1o anterior. Un dato que podr\u00eda leerse como se\u00f1al de estabilizaci\u00f3n, aunque dif\u00edcilmente alcance para hablar de recuperaci\u00f3n cuando el acumulado del a\u00f1o sigue en rojo.<\/p>\n<p>El \u00fanico rubro que escapa a la tendencia es el <strong>comercio electr\u00f3nico<\/strong>: las operaciones en l\u00ednea crecieron <strong>17,6%<\/strong> interanual. La digitalizaci\u00f3n del consumo avanza, pero no compensa la sangr\u00eda en los locales f\u00edsicos, que son los que sostienen el empleo y la actividad en los centros comerciales de cada ciudad.<\/p>\n<p>El escenario que describen estos n\u00fameros es el de un consumidor que sigue ajustando el gasto, priorizando lo esencial y postergando compras. Las pymes minoristas, que no tienen el colch\u00f3n financiero de las grandes cadenas, son las primeras en sentir ese freno. Cada punto de ca\u00edda se traduce en menos horas trabajadas, menos stock renovado y m\u00e1s presi\u00f3n sobre la caja.<\/p>\n<p>Con <strong>dos tercios del a\u00f1o ya transcurridos<\/strong> y el acumulado en negativo, la recuperaci\u00f3n del consumo minorista pyme depender\u00e1 de c\u00f3mo evolucionen los salarios reales y el cr\u00e9dito en los meses que restan antes de fin de a\u00f1o, que hist\u00f3ricamente concentran una parte importante de las ventas.<\/p>\n<p><script type=\"application\/ld+json\">{\"@context\": \"https:\/\/schema.org\", \"@type\": \"NewsArticle\", \"headline\": \"Las ventas pyme cayeron 2,7% en agosto y el a\u00f1o no da respiro\", \"description\": \"Las ventas minoristas pyme retrocedieron 2,7% en agosto y acumulan una baja del 2,4% en los primeros ocho meses del a\u00f1o.\", \"datePublished\": \"2026-09-06T15:31:54-03:00\", \"dateModified\": \"2026-09-06T15:31:54-03:00\", \"inLanguage\": \"es-AR\", \"articleSection\": \"economia\", \"author\": {\"@type\": \"Organization\", \"name\": \"Redaccion LT15 Concordia\", \"url\": \"https:\/\/lt15concordia.com.ar\"}, \"publisher\": {\"@type\": \"Organization\", \"name\": \"LT15 Concordia\"}, \"mainEntityOfPage\": {\"@type\": \"WebPage\", \"@id\": \"https:\/\/lt15concordia.com.ar\/index.php\/2026\/09\/06\/las-ventas-pyme-cayeron-27-en-agosto-y-el-ano-no-da-respiro\/\"}, \"image\": [\"https:\/\/elonce-media.elonce.com\/fotos\/2026\/09\/06\/m_1788716450_13477.webp\"]}<\/script><\/p>\n","protected":false},"excerpt":{"rendered":"<p>Las ventas minoristas pyme retrocedieron 2,7% en agosto y acumulan una baja del 2,4% en los primeros ocho meses del a\u00f1o.<\/p>\n","protected":false},"author":5,"featured_media":61581,"comment_status":"closed","ping_status":"closed","sticky":false,"template":"","format":"standard","meta":{"footnotes":""},"categories":[89],"tags":[616,630,894,43,554,4001],"_links":{"self":[{"href":"https:\/\/lt15concordia.com.ar\/index.php\/wp-json\/wp\/v2\/posts\/61582"}],"collection":[{"href":"https:\/\/lt15concordia.com.ar\/index.php\/wp-json\/wp\/v2\/posts"}],"about":[{"href":"https:\/\/lt15concordia.com.ar\/index.php\/wp-json\/wp\/v2\/types\/post"}],"author":[{"embeddable":true,"href":"https:\/\/lt15concordia.com.ar\/index.php\/wp-json\/wp\/v2\/users\/5"}],"replies":[{"embeddable":true,"href":"https:\/\/lt15concordia.com.ar\/index.php\/wp-json\/wp\/v2\/comments?post=61582"}],"version-history":[{"count":2,"href":"https:\/\/lt15concordia.com.ar\/index.php\/wp-json\/wp\/v2\/posts\/61582\/revisions"}],"predecessor-version":[{"id":61584,"href":"https:\/\/lt15concordia.com.ar\/index.php\/wp-json\/wp\/v2\/posts\/61582\/revisions\/61584"}],"wp:featuredmedia":[{"embeddable":true,"href":"https:\/\/lt15concordia.com.ar\/index.php\/wp-json\/wp\/v2\/media\/61581"}],"wp:attachment":[{"href":"https:\/\/lt15concordia.com.ar\/index.php\/wp-json\/wp\/v2\/media?parent=61582"}],"wp:term":[{"taxonomy":"category","embeddable":true,"href":"https:\/\/lt15concordia.com.ar\/index.php\/wp-json\/wp\/v2\/categories?post=61582"},{"taxonomy":"post_tag","embeddable":true,"href":"https:\/\/lt15concordia.com.ar\/index.php\/wp-json\/wp\/v2\/tags?post=61582"}],"curies":[{"name":"wp","href":"https:\/\/api.w.org\/{rel}","templated":true}]}}