{"id":61578,"date":"2026-09-06T15:30:57","date_gmt":"2026-09-06T18:30:57","guid":{"rendered":"https:\/\/lt15concordia.com.ar\/?p=61578"},"modified":"2026-09-06T15:31:08","modified_gmt":"2026-09-06T18:31:08","slug":"cancer-infantil-un-32-mas-de-riesgo-en-el-sur-de-entre-rios-y-santa-fe","status":"publish","type":"post","link":"https:\/\/lt15concordia.com.ar\/index.php\/2026\/09\/06\/cancer-infantil-un-32-mas-de-riesgo-en-el-sur-de-entre-rios-y-santa-fe\/","title":{"rendered":"C\u00e1ncer infantil: un 32% m\u00e1s de riesgo en el sur de Entre R\u00edos y Santa Fe"},"content":{"rendered":"<p>Los n\u00fameros no mienten, y estos duelen. Una investigaci\u00f3n realizada por universidades p\u00fablicas de la <strong>Regi\u00f3n Centro<\/strong> identific\u00f3 una zona de alto riesgo de mortalidad por c\u00e1ncer en ni\u00f1os, ni\u00f1as y adolescentes que incluye al <strong>departamento Victoria, en Entre R\u00edos<\/strong>, junto a seis departamentos del sur de Santa Fe. El riesgo de morir por c\u00e1ncer antes de los <strong>20 a\u00f1os<\/strong> result\u00f3 all\u00ed un <strong>32% superior al esperado<\/strong> para la poblaci\u00f3n de la regi\u00f3n.<\/p>\n<p>El trabajo analiz\u00f3 <strong>2.415 defunciones<\/strong> registradas en personas de entre <strong>0 y 19 a\u00f1os<\/strong> en las provincias de <strong>C\u00f3rdoba, Santa Fe y Entre R\u00edos<\/strong> durante un per\u00edodo de veinte a\u00f1os, entre <strong>2000 y 2019<\/strong>. Mediante t\u00e9cnicas de epidemiolog\u00eda espacial, los investigadores mapearon sectores con riesgos de mortalidad superiores o inferiores a los esperados para cada \u00e1rea.<\/p>\n<p>El \u00e1rea cr\u00edtica qued\u00f3 conformada por el <strong>departamento Victoria<\/strong> en Entre R\u00edos y los departamentos santafesinos de <strong>Belgrano, Caseros, Constituci\u00f3n, Iriondo, Rosario y San Lorenzo<\/strong>. En el extremo opuesto, el norte y noroeste de C\u00f3rdoba \u2014con departamentos como Col\u00f3n, Cruz del Eje, Ischil\u00edn, Punilla y Tulumba, entre otros\u2014 mostr\u00f3 niveles de mortalidad por debajo de lo esperado.<\/p>\n<p>Para explicar esas diferencias territoriales, el equipo analiz\u00f3 dos factores ambientales. El primero fue el <strong>porcentaje de poblaci\u00f3n expuesta a concentraciones elevadas de ars\u00e9nico<\/strong> en el agua de consumo humano. El segundo fue un indicador de <strong>hect\u00e1reas sembradas por habitante<\/strong>, usado como aproximaci\u00f3n a la intensidad de la actividad agr\u00edcola y, de manera indirecta, a la exposici\u00f3n comunitaria a <strong>agroqu\u00edmicos<\/strong>.<\/p>\n<p>Los resultados mostraron que la zona de mayor mortalidad coincidi\u00f3 con mayores niveles de exposici\u00f3n poblacional al ars\u00e9nico y con una mayor cantidad de hect\u00e1reas sembradas por habitante durante el per\u00edodo <strong>1980-1999<\/strong>. Sin embargo, no se encontraron diferencias estad\u00edsticamente significativas al analizar las superficies cultivadas correspondientes al per\u00edodo 2000-2019, lo que abre preguntas sobre los tiempos de latencia entre exposici\u00f3n y enfermedad.<\/p>\n<p>Los autores advierten que el c\u00e1ncer es una de las principales causas de muerte por enfermedad en la poblaci\u00f3n infantil y adolescente, y que <strong>Argentina<\/strong> todav\u00eda presenta indicadores de supervivencia inferiores a los de los pa\u00edses desarrollados, pese a los avances en diagn\u00f3stico y tratamiento de las \u00faltimas d\u00e9cadas. El estudio no establece causalidad directa, pero la coincidencia territorial entre los factores ambientales relevados y la mayor mortalidad abre una l\u00ednea de investigaci\u00f3n que las autoridades sanitarias de la regi\u00f3n dif\u00edcilmente puedan ignorar.<\/p>\n<p><script type=\"application\/ld+json\">{\"@context\": \"https:\/\/schema.org\", \"@type\": \"NewsArticle\", \"headline\": \"C\u00e1ncer infantil: un 32% m\u00e1s de riesgo en el sur de Entre R\u00edos y Santa Fe\", \"description\": \"Un estudio de universidades p\u00fablicas detect\u00f3 mayor mortalidad por c\u00e1ncer en menores de 20 a\u00f1os en el departamento Victoria y seis departamentos santafesinos, con exposici\u00f3n al ars\u00e9nico como factor clave.\", \"datePublished\": \"2026-09-06T15:31:08-03:00\", \"dateModified\": \"2026-09-06T15:31:08-03:00\", \"inLanguage\": \"es-AR\", \"articleSection\": \"salud\", \"author\": {\"@type\": \"Organization\", \"name\": \"Redaccion LT15 Concordia\", \"url\": \"https:\/\/lt15concordia.com.ar\"}, \"publisher\": {\"@type\": \"Organization\", \"name\": \"LT15 Concordia\"}, \"mainEntityOfPage\": {\"@type\": \"WebPage\", \"@id\": \"https:\/\/lt15concordia.com.ar\/index.php\/2026\/09\/06\/cancer-infantil-un-32-mas-de-riesgo-en-el-sur-de-entre-rios-y-santa-fe\/\"}, \"image\": [\"https:\/\/www.diariojunio.com.ar\/wp-content\/uploads\/2025\/08\/agrotoxicos.jpg\"]}<\/script><\/p>\n","protected":false},"excerpt":{"rendered":"<p>Un estudio de universidades p\u00fablicas detect\u00f3 mayor mortalidad por c\u00e1ncer en menores de 20 a\u00f1os en el departamento Victoria y seis departamentos santafesinos, con exposici\u00f3n al ars\u00e9nico como factor clave.<\/p>\n","protected":false},"author":5,"featured_media":61577,"comment_status":"closed","ping_status":"closed","sticky":false,"template":"","format":"standard","meta":{"footnotes":""},"categories":[37],"tags":[869,4907,4874,63,2330,328],"_links":{"self":[{"href":"https:\/\/lt15concordia.com.ar\/index.php\/wp-json\/wp\/v2\/posts\/61578"}],"collection":[{"href":"https:\/\/lt15concordia.com.ar\/index.php\/wp-json\/wp\/v2\/posts"}],"about":[{"href":"https:\/\/lt15concordia.com.ar\/index.php\/wp-json\/wp\/v2\/types\/post"}],"author":[{"embeddable":true,"href":"https:\/\/lt15concordia.com.ar\/index.php\/wp-json\/wp\/v2\/users\/5"}],"replies":[{"embeddable":true,"href":"https:\/\/lt15concordia.com.ar\/index.php\/wp-json\/wp\/v2\/comments?post=61578"}],"version-history":[{"count":2,"href":"https:\/\/lt15concordia.com.ar\/index.php\/wp-json\/wp\/v2\/posts\/61578\/revisions"}],"predecessor-version":[{"id":61580,"href":"https:\/\/lt15concordia.com.ar\/index.php\/wp-json\/wp\/v2\/posts\/61578\/revisions\/61580"}],"wp:featuredmedia":[{"embeddable":true,"href":"https:\/\/lt15concordia.com.ar\/index.php\/wp-json\/wp\/v2\/media\/61577"}],"wp:attachment":[{"href":"https:\/\/lt15concordia.com.ar\/index.php\/wp-json\/wp\/v2\/media?parent=61578"}],"wp:term":[{"taxonomy":"category","embeddable":true,"href":"https:\/\/lt15concordia.com.ar\/index.php\/wp-json\/wp\/v2\/categories?post=61578"},{"taxonomy":"post_tag","embeddable":true,"href":"https:\/\/lt15concordia.com.ar\/index.php\/wp-json\/wp\/v2\/tags?post=61578"}],"curies":[{"name":"wp","href":"https:\/\/api.w.org\/{rel}","templated":true}]}}