{"id":61574,"date":"2026-09-06T14:33:14","date_gmt":"2026-09-06T17:33:14","guid":{"rendered":"https:\/\/lt15concordia.com.ar\/?p=61574"},"modified":"2026-09-06T14:33:25","modified_gmt":"2026-09-06T17:33:25","slug":"milei-y-malvinas-demagogia-de-manual-en-tiempos-de-encuestas-en-caida","status":"publish","type":"post","link":"https:\/\/lt15concordia.com.ar\/index.php\/2026\/09\/06\/milei-y-malvinas-demagogia-de-manual-en-tiempos-de-encuestas-en-caida\/","title":{"rendered":"Milei y Malvinas: demagogia de manual en tiempos de encuestas en ca\u00edda"},"content":{"rendered":"<p>Cuando las encuestas bajan y la econom\u00eda no convence, los presidentes argentinos suelen recurrir a un recurso probado: <strong>Malvinas<\/strong>. <strong>Javier Milei<\/strong> no invent\u00f3 nada nuevo. Lo que hizo fue subirse a una ola que ya navegaron antes \u00e9l <strong>Carlos Menem<\/strong> y <strong>Mauricio Macri<\/strong>, con distintos estilos pero id\u00e9ntica l\u00f3gica: agitar la bandera soberana para tapar las grietas del presente.<\/p>\n<p>El presidente orden\u00f3 una <strong>cadena nacional<\/strong> para anunciar que encabeza los esfuerzos por la recuperaci\u00f3n de las <strong>Islas Malvinas<\/strong>. El timing no es casual: el gobierno atraviesa una ca\u00edda en los \u00edndices de aprobaci\u00f3n, mientras los datos econ\u00f3micos oficiales generan m\u00e1s dudas que certezas en buena parte de la ciudadan\u00eda. En ese contexto, el gesto soberanista tiene m\u00e1s de cortina que de pol\u00edtica exterior concreta.<\/p>\n<p>El antecedente m\u00e1s claro es el de <strong>Menem<\/strong>, se\u00f1alado hist\u00f3ricamente como uno de los presidentes m\u00e1s afines a los intereses del capital extranjero: privatiz\u00f3 <strong>YPF<\/strong>, <strong>Aerol\u00edneas Argentinas<\/strong>, <strong>ENTEL<\/strong> y <strong>Ferrocarriles Argentinos<\/strong>, abri\u00f3 la econom\u00eda de manera indiscriminada y profundiz\u00f3 el endeudamiento en el marco del <strong>Consenso de Washington<\/strong>. Y aun as\u00ed, no se priv\u00f3 de hacer demagogia con Malvinas cuando le result\u00f3 conveniente. La contradicci\u00f3n no le pes\u00f3 demasiado.<\/p>\n<p>En el caso de Milei, el cuadro se complejiza por la variable geopol\u00edtica. La sinton\u00eda con <strong>Donald Trump<\/strong> no es solo ideol\u00f3gica: hay analistas que se\u00f1alan que Washington tiene inter\u00e9s estrat\u00e9gico en el <strong>Estrecho de Magallanes<\/strong> y en el territorio austral argentino, tanto para proyectar presencia militar como para contrarrestar la influencia de <strong>China<\/strong> en la regi\u00f3n. En ese esquema, el entusiasmo soberanista de Milei encaja de manera inc\u00f3moda con la l\u00f3gica de la subordinaci\u00f3n.<\/p>\n<p>Vale recordar que el <strong>4 de abril de 2024<\/strong>, Milei encabez\u00f3 un acto en la <strong>Base Naval de Ushuaia<\/strong> junto al entonces embajador estadounidense <strong>Marc Stanley<\/strong> y la jefa del <strong>Comando Sur<\/strong>, <strong>Laura Richardson<\/strong>. Aquella noche, el presidente habl\u00f3 de una base naval \u00abintegrada\u00bb. La pregunta que qued\u00f3 flotando en el aire helado de Ushuaia sigue sin respuesta clara: integrada con qui\u00e9n y bajo qu\u00e9 condiciones.<\/p>\n<p>La demagogia soberanista no es patrimonio exclusivo de ning\u00fan espacio pol\u00edtico argentino. Lo que cambia es el momento en que se activa y el contexto en que se despliega. En este caso, el reclamo por Malvinas llega en medio de un ajuste que impacta sobre jubilados, discapacitados, docentes y sectores vulnerables, lo que hace que el contraste entre el gesto patri\u00f3tico y la pol\u00edtica dom\u00e9stica resulte especialmente visible para quienes est\u00e1n en el extremo receptor de las medidas de austeridad.<\/p>\n<p><script type=\"application\/ld+json\">{\"@context\": \"https:\/\/schema.org\", \"@type\": \"NewsArticle\", \"headline\": \"Milei y Malvinas: demagogia de manual en tiempos de encuestas en ca\u00edda\", \"description\": \"El presidente apela al reclamo soberano como recurso pol\u00edtico en un momento de baja popularidad. Un an\u00e1lisis de la estrategia y sus antecedentes.\", \"datePublished\": \"2026-09-06T14:33:25-03:00\", \"dateModified\": \"2026-09-06T14:33:25-03:00\", \"inLanguage\": \"es-AR\", \"articleSection\": \"politica\", \"author\": {\"@type\": \"Organization\", \"name\": \"Redaccion LT15 Concordia\", \"url\": \"https:\/\/lt15concordia.com.ar\"}, \"publisher\": {\"@type\": \"Organization\", \"name\": \"LT15 Concordia\"}, \"mainEntityOfPage\": {\"@type\": \"WebPage\", \"@id\": \"https:\/\/lt15concordia.com.ar\/index.php\/2026\/09\/06\/milei-y-malvinas-demagogia-de-manual-en-tiempos-de-encuestas-en-caida\/\"}, \"image\": [\"https:\/\/www.diariojunio.com.ar\/wp-content\/uploads\/2026\/01\/trump-milei.jpg\"]}<\/script><\/p>\n","protected":false},"excerpt":{"rendered":"<p>El presidente apela al reclamo soberano como recurso pol\u00edtico en un momento de baja popularidad. Un an\u00e1lisis de la estrategia y sus antecedentes.<\/p>\n","protected":false},"author":5,"featured_media":61573,"comment_status":"closed","ping_status":"closed","sticky":false,"template":"","format":"standard","meta":{"footnotes":""},"categories":[89],"tags":[855,792,224,2460,2411,961],"_links":{"self":[{"href":"https:\/\/lt15concordia.com.ar\/index.php\/wp-json\/wp\/v2\/posts\/61574"}],"collection":[{"href":"https:\/\/lt15concordia.com.ar\/index.php\/wp-json\/wp\/v2\/posts"}],"about":[{"href":"https:\/\/lt15concordia.com.ar\/index.php\/wp-json\/wp\/v2\/types\/post"}],"author":[{"embeddable":true,"href":"https:\/\/lt15concordia.com.ar\/index.php\/wp-json\/wp\/v2\/users\/5"}],"replies":[{"embeddable":true,"href":"https:\/\/lt15concordia.com.ar\/index.php\/wp-json\/wp\/v2\/comments?post=61574"}],"version-history":[{"count":2,"href":"https:\/\/lt15concordia.com.ar\/index.php\/wp-json\/wp\/v2\/posts\/61574\/revisions"}],"predecessor-version":[{"id":61576,"href":"https:\/\/lt15concordia.com.ar\/index.php\/wp-json\/wp\/v2\/posts\/61574\/revisions\/61576"}],"wp:featuredmedia":[{"embeddable":true,"href":"https:\/\/lt15concordia.com.ar\/index.php\/wp-json\/wp\/v2\/media\/61573"}],"wp:attachment":[{"href":"https:\/\/lt15concordia.com.ar\/index.php\/wp-json\/wp\/v2\/media?parent=61574"}],"wp:term":[{"taxonomy":"category","embeddable":true,"href":"https:\/\/lt15concordia.com.ar\/index.php\/wp-json\/wp\/v2\/categories?post=61574"},{"taxonomy":"post_tag","embeddable":true,"href":"https:\/\/lt15concordia.com.ar\/index.php\/wp-json\/wp\/v2\/tags?post=61574"}],"curies":[{"name":"wp","href":"https:\/\/api.w.org\/{rel}","templated":true}]}}