{"id":61570,"date":"2026-09-06T14:32:02","date_gmt":"2026-09-06T17:32:02","guid":{"rendered":"https:\/\/lt15concordia.com.ar\/?p=61570"},"modified":"2026-09-06T14:32:13","modified_gmt":"2026-09-06T17:32:13","slug":"afd-arrasa-en-sajonia-anhalt-con-el-44-y-roza-su-primer-gobierno-regional","status":"publish","type":"post","link":"https:\/\/lt15concordia.com.ar\/index.php\/2026\/09\/06\/afd-arrasa-en-sajonia-anhalt-con-el-44-y-roza-su-primer-gobierno-regional\/","title":{"rendered":"AfD arrasa en Sajonia-Anhalt con el 44% y roza su primer gobierno regional"},"content":{"rendered":"<p>Un resultado que sacude a <strong>Alemania<\/strong>. El partido <strong>Alternativa para Alemania (AfD)<\/strong> se impuso este domingo en las elecciones regionales de <strong>Sajonia-Anhalt<\/strong> con entre el <strong>44% y el 44,5%<\/strong> de los votos, seg\u00fan los sondeos a pie de urna. Es el mejor resultado de la ultraderecha en la historia electoral del pa\u00eds centroeuropeo y la deja a un paso de gobernar una regi\u00f3n por primera vez en sus <strong>13 a\u00f1os de existencia<\/strong>.<\/p>\n<p>La <strong>Uni\u00f3n Cristianodem\u00f3crata (CDU)<\/strong> del primer ministro regional, <strong>Sven Schulze<\/strong>, qued\u00f3 muy lejos con apenas un <strong>18,5%<\/strong>, un derrumbe que pone fin a <strong>24 a\u00f1os de gobierno del partido<\/strong> en la regi\u00f3n. La Izquierda se ubic\u00f3 tercera con alrededor del <strong>9%<\/strong>, seguida por Los Verdes con el <strong>8,5%<\/strong> y el Partido Socialdem\u00f3crata con entre el <strong>8% y el 9%<\/strong>.<\/p>\n<p>El dato que puede definir si AfD gobierna con mayor\u00eda absoluta o necesita aliados es la suerte de la <strong>Alianza Sahra Wagenknecht (BSW)<\/strong>, que qued\u00f3 en el filo del umbral del <strong>5%<\/strong> requerido para ingresar al parlamento regional. Si no lo supera, la ultraderecha podr\u00eda alcanzar hasta <strong>43 bancas en una c\u00e1mara de 83 diputados<\/strong> y gobernar sola, seg\u00fan los datos del instituto <strong>Infratest dimap<\/strong>. Los liberales del <strong>FDP<\/strong>, que integraban la coalici\u00f3n saliente junto al SPD, tampoco lograron cruzar esa barrera.<\/p>\n<p>La participaci\u00f3n electoral marc\u00f3 un <strong>r\u00e9cord hist\u00f3rico del 76,5%<\/strong>, superando el anterior m\u00e1ximo registrado en <strong>1998<\/strong>, apenas ocho a\u00f1os despu\u00e9s de la Reunificaci\u00f3n, cuando vot\u00f3 el 71,5% del padr\u00f3n. Que los ciudadanos hayan salido masivamente a las urnas en un contexto de fuerte descontento con el gobierno nacional no es un dato menor: habla de una sociedad movilizada, aunque no necesariamente en la direcci\u00f3n que esperaban los partidos tradicionales.<\/p>\n<p><strong>Sajonia-Anhalt<\/strong> es una regi\u00f3n de <strong>2,1 millones de habitantes<\/strong> ubicada al oeste de Berl\u00edn, y su elecci\u00f3n adquiri\u00f3 una relevancia desproporcionada porque representaba la mejor oportunidad concreta del AfD de acceder a un cargo ejecutivo regional. El resultado es tambi\u00e9n un golpe para el canciller <strong>Friedrich Merz<\/strong>, cuyo gobierno nacional sigue sin convencer a los votantes de que puede reactivar una econom\u00eda que acumula meses de estancamiento. La consolidaci\u00f3n de la ultraderecha en el este alem\u00e1n ya no es una tendencia: es un hecho pol\u00edtico de primer orden.<\/p>\n<p><script type=\"application\/ld+json\">{\"@context\": \"https:\/\/schema.org\", \"@type\": \"NewsArticle\", \"headline\": \"AfD arrasa en Sajonia-Anhalt con el 44% y roza su primer gobierno regional\", \"description\": \"La ultraderecha alemana gan\u00f3 las elecciones en Sajonia-Anhalt con el 44% de los votos y podr\u00eda alcanzar la mayor\u00eda absoluta por primera vez en su historia.\", \"datePublished\": \"2026-09-06T14:32:12-03:00\", \"dateModified\": \"2026-09-06T14:32:12-03:00\", \"inLanguage\": \"es-AR\", \"articleSection\": \"internacionales\", \"author\": {\"@type\": \"Organization\", \"name\": \"Redaccion LT15 Concordia\", \"url\": \"https:\/\/lt15concordia.com.ar\"}, \"publisher\": {\"@type\": \"Organization\", \"name\": \"LT15 Concordia\"}, \"mainEntityOfPage\": {\"@type\": \"WebPage\", \"@id\": \"https:\/\/lt15concordia.com.ar\/index.php\/2026\/09\/06\/afd-arrasa-en-sajonia-anhalt-con-el-44-y-roza-su-primer-gobierno-regional\/\"}, \"image\": [\"https:\/\/www.clarin.com\/img\/2026\/09\/06\/3vXhLIwno_1200x630__1.jpg\"]}<\/script><\/p>\n","protected":false},"excerpt":{"rendered":"<p>La ultraderecha alemana gan\u00f3 las elecciones en Sajonia-Anhalt con el 44% de los votos y podr\u00eda alcanzar la mayor\u00eda absoluta por primera vez en su historia.<\/p>\n","protected":false},"author":5,"featured_media":61569,"comment_status":"closed","ping_status":"closed","sticky":false,"template":"","format":"standard","meta":{"footnotes":""},"categories":[89],"tags":[4904,1172,177,3390,4906,4905],"_links":{"self":[{"href":"https:\/\/lt15concordia.com.ar\/index.php\/wp-json\/wp\/v2\/posts\/61570"}],"collection":[{"href":"https:\/\/lt15concordia.com.ar\/index.php\/wp-json\/wp\/v2\/posts"}],"about":[{"href":"https:\/\/lt15concordia.com.ar\/index.php\/wp-json\/wp\/v2\/types\/post"}],"author":[{"embeddable":true,"href":"https:\/\/lt15concordia.com.ar\/index.php\/wp-json\/wp\/v2\/users\/5"}],"replies":[{"embeddable":true,"href":"https:\/\/lt15concordia.com.ar\/index.php\/wp-json\/wp\/v2\/comments?post=61570"}],"version-history":[{"count":2,"href":"https:\/\/lt15concordia.com.ar\/index.php\/wp-json\/wp\/v2\/posts\/61570\/revisions"}],"predecessor-version":[{"id":61572,"href":"https:\/\/lt15concordia.com.ar\/index.php\/wp-json\/wp\/v2\/posts\/61570\/revisions\/61572"}],"wp:featuredmedia":[{"embeddable":true,"href":"https:\/\/lt15concordia.com.ar\/index.php\/wp-json\/wp\/v2\/media\/61569"}],"wp:attachment":[{"href":"https:\/\/lt15concordia.com.ar\/index.php\/wp-json\/wp\/v2\/media?parent=61570"}],"wp:term":[{"taxonomy":"category","embeddable":true,"href":"https:\/\/lt15concordia.com.ar\/index.php\/wp-json\/wp\/v2\/categories?post=61570"},{"taxonomy":"post_tag","embeddable":true,"href":"https:\/\/lt15concordia.com.ar\/index.php\/wp-json\/wp\/v2\/tags?post=61570"}],"curies":[{"name":"wp","href":"https:\/\/api.w.org\/{rel}","templated":true}]}}