{"id":61562,"date":"2026-09-06T13:32:06","date_gmt":"2026-09-06T16:32:06","guid":{"rendered":"https:\/\/lt15concordia.com.ar\/?p=61562"},"modified":"2026-09-06T13:32:17","modified_gmt":"2026-09-06T16:32:17","slug":"murio-un-futbolista-tras-descompensarse-en-un-partido-en-san-juan","status":"publish","type":"post","link":"https:\/\/lt15concordia.com.ar\/index.php\/2026\/09\/06\/murio-un-futbolista-tras-descompensarse-en-un-partido-en-san-juan\/","title":{"rendered":"Muri\u00f3 un futbolista tras descompensarse en un partido en San Juan"},"content":{"rendered":"<p>El f\u00fatbol amateur de veteranos vivi\u00f3 una jornada tr\u00e1gica en <strong>San Juan<\/strong>. Un futbolista se descompens\u00f3 en plena cancha, durante el <strong>segundo tiempo<\/strong> de un partido de liga, y no lleg\u00f3 a ver el final del encuentro.<\/p>\n<p>Seg\u00fan se inform\u00f3, el jugador comenz\u00f3 a mostrar signos de descompensaci\u00f3n mientras el partido estaba en curso. De inmediato fue retirado del campo y trasladado a un <strong>centro hospitalario<\/strong>, donde el personal m\u00e9dico intent\u00f3 reanimarlo sin \u00e9xito. La muerte fue confirmada poco despu\u00e9s.<\/p>\n<p>La noticia gener\u00f3 <strong>conmoci\u00f3n en el f\u00fatbol local sanjuanino<\/strong>. Este tipo de hechos vuelve a poner sobre la mesa una pregunta que el deporte amateur no termina de responder: \u00bfcu\u00e1ntos clubes de liga cuentan realmente con protocolos de emergencia m\u00e9dica y desfibriladores en cancha? La respuesta, en la mayor\u00eda de los casos, es inc\u00f3moda.<\/p>\n<p>El f\u00fatbol de veteranos re\u00fane a jugadores que en muchos casos superan los <strong>40 o 50 a\u00f1os<\/strong>, con historias cl\u00ednicas que no siempre est\u00e1n actualizadas ni controladas. La pasi\u00f3n por seguir jugando es leg\u00edtima y valiosa, pero la infraestructura sanitaria que los acompa\u00f1a suele ser m\u00ednima o directamente inexistente.<\/p>\n<p>El hecho ocurri\u00f3 en <strong>San Juan<\/strong> y no trascendieron hasta el momento la identidad del futbolista ni mayores detalles sobre las circunstancias m\u00e9dicas del episodio. La liga local y el entorno del club afectado quedaron sumidos en el dolor ante una p\u00e9rdida que nadie esperaba en una tarde de f\u00fatbol.<\/p>\n<p><script type=\"application\/ld+json\">{\"@context\": \"https:\/\/schema.org\", \"@type\": \"NewsArticle\", \"headline\": \"Muri\u00f3 un futbolista tras descompensarse en un partido en San Juan\", \"description\": \"Un jugador de liga amateur de veteranos colaps\u00f3 durante el segundo tiempo, fue trasladado al hospital y no logr\u00f3 sobrevivir. Conmoci\u00f3n en el f\u00fatbol local.\", \"datePublished\": \"2026-09-06T13:32:16-03:00\", \"dateModified\": \"2026-09-06T13:32:16-03:00\", \"inLanguage\": \"es-AR\", \"articleSection\": \"deportes\", \"author\": {\"@type\": \"Organization\", \"name\": \"Redaccion LT15 Concordia\", \"url\": \"https:\/\/lt15concordia.com.ar\"}, \"publisher\": {\"@type\": \"Organization\", \"name\": \"LT15 Concordia\"}, \"mainEntityOfPage\": {\"@type\": \"WebPage\", \"@id\": \"https:\/\/lt15concordia.com.ar\/index.php\/2026\/09\/06\/murio-un-futbolista-tras-descompensarse-en-un-partido-en-san-juan\/\"}, \"image\": [\"https:\/\/elonce-media.elonce.com\/fotos\/2026\/09\/06\/m_1788711386_14867.webp\"]}<\/script><\/p>\n","protected":false},"excerpt":{"rendered":"<p>Un jugador de liga amateur de veteranos colaps\u00f3 durante el segundo tiempo, fue trasladado al hospital y no logr\u00f3 sobrevivir. Conmoci\u00f3n en el f\u00fatbol local.<\/p>\n","protected":false},"author":5,"featured_media":61561,"comment_status":"closed","ping_status":"closed","sticky":false,"template":"","format":"standard","meta":{"footnotes":""},"categories":[34,89],"tags":[4901,4899,2118,504,4900],"_links":{"self":[{"href":"https:\/\/lt15concordia.com.ar\/index.php\/wp-json\/wp\/v2\/posts\/61562"}],"collection":[{"href":"https:\/\/lt15concordia.com.ar\/index.php\/wp-json\/wp\/v2\/posts"}],"about":[{"href":"https:\/\/lt15concordia.com.ar\/index.php\/wp-json\/wp\/v2\/types\/post"}],"author":[{"embeddable":true,"href":"https:\/\/lt15concordia.com.ar\/index.php\/wp-json\/wp\/v2\/users\/5"}],"replies":[{"embeddable":true,"href":"https:\/\/lt15concordia.com.ar\/index.php\/wp-json\/wp\/v2\/comments?post=61562"}],"version-history":[{"count":2,"href":"https:\/\/lt15concordia.com.ar\/index.php\/wp-json\/wp\/v2\/posts\/61562\/revisions"}],"predecessor-version":[{"id":61564,"href":"https:\/\/lt15concordia.com.ar\/index.php\/wp-json\/wp\/v2\/posts\/61562\/revisions\/61564"}],"wp:featuredmedia":[{"embeddable":true,"href":"https:\/\/lt15concordia.com.ar\/index.php\/wp-json\/wp\/v2\/media\/61561"}],"wp:attachment":[{"href":"https:\/\/lt15concordia.com.ar\/index.php\/wp-json\/wp\/v2\/media?parent=61562"}],"wp:term":[{"taxonomy":"category","embeddable":true,"href":"https:\/\/lt15concordia.com.ar\/index.php\/wp-json\/wp\/v2\/categories?post=61562"},{"taxonomy":"post_tag","embeddable":true,"href":"https:\/\/lt15concordia.com.ar\/index.php\/wp-json\/wp\/v2\/tags?post=61562"}],"curies":[{"name":"wp","href":"https:\/\/api.w.org\/{rel}","templated":true}]}}