{"id":61554,"date":"2026-09-06T12:33:01","date_gmt":"2026-09-06T15:33:01","guid":{"rendered":"https:\/\/lt15concordia.com.ar\/?p=61554"},"modified":"2026-09-06T12:33:11","modified_gmt":"2026-09-06T15:33:11","slug":"colombia-la-defensora-del-pueblo-le-apunto-al-presidente-por-exhibir-cadaveres","status":"publish","type":"post","link":"https:\/\/lt15concordia.com.ar\/index.php\/2026\/09\/06\/colombia-la-defensora-del-pueblo-le-apunto-al-presidente-por-exhibir-cadaveres\/","title":{"rendered":"Colombia: la Defensora del Pueblo le apunt\u00f3 al presidente por exhibir cad\u00e1veres"},"content":{"rendered":"<p>No es una imagen que se olvide f\u00e1cil: el presidente de <strong>Colombia<\/strong>, <strong>Abelardo de la Espriella<\/strong>, caminando entre bolsas blancas con los cuerpos de <strong>23 presuntos integrantes de las disidencias de las FARC<\/strong>, abatidos durante la <strong>Operaci\u00f3n Azar\u00edas<\/strong> el <strong>30 de agosto de 2026<\/strong> en <strong>Miraflores, Guaviare<\/strong>. El video lo difundi\u00f3 el propio Ministerio de Defensa. La imagen gener\u00f3 reacciones encontradas, y una de las m\u00e1s contundentes lleg\u00f3 desde la Defensor\u00eda del Pueblo.<\/p>\n<p><strong>Iris Mar\u00edn Ortiz<\/strong>, defensora del Pueblo de Colombia, sali\u00f3 a cuestionar con dureza la forma en que el mandatario comunic\u00f3 los resultados del operativo. No cuestion\u00f3 la acci\u00f3n militar en s\u00ed, sino el gesto: exhibir los cad\u00e1veres como escenograf\u00eda de una declaraci\u00f3n p\u00fablica. &#8220;<strong>No recuerdo haber visto a un presidente caminando entre los muertos y sinti\u00e9ndose orgulloso de esas muertes<\/strong>&#8220;, afirm\u00f3 la funcionaria.<\/p>\n<p>El argumento central de Mar\u00edn es que el Estado no puede competir con los grupos armados en crueldad ni en capacidad de generar miedo. &#8220;<strong>El Estado y el Gobierno no pueden dejarse llevar por una competencia para demostrar qui\u00e9n puede ser m\u00e1s cruel. No pueden disputar con los grupos armados qui\u00e9n produce m\u00e1s miedo, qui\u00e9n humilla m\u00e1s al adversario o qui\u00e9n convierte la muerte en demostraci\u00f3n de poder<\/strong>&#8220;, sostuvo, citando la Constituci\u00f3n y el derecho internacional humanitario como marcos irrenunciables.<\/p>\n<p>La defensora tambi\u00e9n apunt\u00f3 contra un portal web habilitado por el gobierno que contabiliza los <strong>milicianos abatidos<\/strong> durante la gesti\u00f3n de De la Espriella, y advirti\u00f3 sobre el riesgo de repetir errores hist\u00f3ricos. La referencia a los <strong>&#8220;falsos positivos&#8221;<\/strong>, las ejecuciones extrajudiciales que mancharon a las Fuerzas Militares colombianas en d\u00e9cadas pasadas, fue expl\u00edcita: &#8220;<strong>Colombia conoce demasiado bien esta historia<\/strong>&#8220;.<\/p>\n<p>Mar\u00edn pidi\u00f3 que los indicadores de seguridad prioricen vidas salvadas y derechos garantizados, y cerr\u00f3 con una advertencia que resuena m\u00e1s all\u00e1 de Colombia: &#8220;<strong>La humanidad aprendi\u00f3, despu\u00e9s de guerras y violencias extremas, que deshumanizar al adversario termina tambi\u00e9n deshumanizando a quien ejerce el poder<\/strong>&#8220;.<\/p>\n<p>El operativo que desat\u00f3 la pol\u00e9mica dej\u00f3 un balance oficial de <strong>23 muertos y seis capturados<\/strong>, en un golpe contra el <strong>Frente Carolina Ram\u00edrez<\/strong>, estructura vinculada al alias <strong>Iv\u00e1n Mordisco<\/strong>. La acci\u00f3n fue celebrada por el gobierno como un \u00e9xito militar; la discusi\u00f3n sobre c\u00f3mo se comunica ese \u00e9xito, en cambio, sigue abierta.<\/p>\n<p><script type=\"application\/ld+json\">{\"@context\": \"https:\/\/schema.org\", \"@type\": \"NewsArticle\", \"headline\": \"Colombia: la Defensora del Pueblo le apunt\u00f3 al presidente por exhibir cad\u00e1veres\", \"description\": \"Iris Mar\u00edn cuestion\u00f3 al presidente De la Espriella tras mostrar en bolsas blancas a 23 disidentes de las FARC muertos en el Guaviare.\", \"datePublished\": \"2026-09-06T12:33:11-03:00\", \"dateModified\": \"2026-09-06T12:33:11-03:00\", \"inLanguage\": \"es-AR\", \"articleSection\": \"internacionales\", \"author\": {\"@type\": \"Organization\", \"name\": \"Redaccion LT15 Concordia\", \"url\": \"https:\/\/lt15concordia.com.ar\"}, \"publisher\": {\"@type\": \"Organization\", \"name\": \"LT15 Concordia\"}, \"mainEntityOfPage\": {\"@type\": \"WebPage\", \"@id\": \"https:\/\/lt15concordia.com.ar\/index.php\/2026\/09\/06\/colombia-la-defensora-del-pueblo-le-apunto-al-presidente-por-exhibir-cadaveres\/\"}, \"image\": [\"https:\/\/www.infobae.com\/resizer\/v2\/FNM6CKJ46VBEBEWCW2W4LFG4TE.jpg?auth=bc59fa26a89147f354f61c63bb21d9ce3b5d3d7a30640f3c82239d6f509902d7&smart=true&width=1920&height=1080\"]}<\/script><\/p>\n","protected":false},"excerpt":{"rendered":"<p>Iris Mar\u00edn cuestion\u00f3 al presidente De la Espriella tras mostrar en bolsas blancas a 23 disidentes de las FARC muertos en el Guaviare.<\/p>\n","protected":false},"author":5,"featured_media":61553,"comment_status":"closed","ping_status":"closed","sticky":false,"template":"","format":"standard","meta":{"footnotes":""},"categories":[89],"tags":[2538,4896,3946,954,2290,4895],"_links":{"self":[{"href":"https:\/\/lt15concordia.com.ar\/index.php\/wp-json\/wp\/v2\/posts\/61554"}],"collection":[{"href":"https:\/\/lt15concordia.com.ar\/index.php\/wp-json\/wp\/v2\/posts"}],"about":[{"href":"https:\/\/lt15concordia.com.ar\/index.php\/wp-json\/wp\/v2\/types\/post"}],"author":[{"embeddable":true,"href":"https:\/\/lt15concordia.com.ar\/index.php\/wp-json\/wp\/v2\/users\/5"}],"replies":[{"embeddable":true,"href":"https:\/\/lt15concordia.com.ar\/index.php\/wp-json\/wp\/v2\/comments?post=61554"}],"version-history":[{"count":2,"href":"https:\/\/lt15concordia.com.ar\/index.php\/wp-json\/wp\/v2\/posts\/61554\/revisions"}],"predecessor-version":[{"id":61556,"href":"https:\/\/lt15concordia.com.ar\/index.php\/wp-json\/wp\/v2\/posts\/61554\/revisions\/61556"}],"wp:featuredmedia":[{"embeddable":true,"href":"https:\/\/lt15concordia.com.ar\/index.php\/wp-json\/wp\/v2\/media\/61553"}],"wp:attachment":[{"href":"https:\/\/lt15concordia.com.ar\/index.php\/wp-json\/wp\/v2\/media?parent=61554"}],"wp:term":[{"taxonomy":"category","embeddable":true,"href":"https:\/\/lt15concordia.com.ar\/index.php\/wp-json\/wp\/v2\/categories?post=61554"},{"taxonomy":"post_tag","embeddable":true,"href":"https:\/\/lt15concordia.com.ar\/index.php\/wp-json\/wp\/v2\/tags?post=61554"}],"curies":[{"name":"wp","href":"https:\/\/api.w.org\/{rel}","templated":true}]}}