{"id":61550,"date":"2026-09-06T12:32:03","date_gmt":"2026-09-06T15:32:03","guid":{"rendered":"https:\/\/lt15concordia.com.ar\/?p=61550"},"modified":"2026-09-06T12:32:15","modified_gmt":"2026-09-06T15:32:15","slug":"nobel-de-economia-elogio-a-milei-pero-pidio-mas-detalles-en-las-politicas","status":"publish","type":"post","link":"https:\/\/lt15concordia.com.ar\/index.php\/2026\/09\/06\/nobel-de-economia-elogio-a-milei-pero-pidio-mas-detalles-en-las-politicas\/","title":{"rendered":"Nobel de Econom\u00eda elogi\u00f3 a Milei pero pidi\u00f3 m\u00e1s detalles en las pol\u00edticas"},"content":{"rendered":"<p>Un premio <strong>Nobel de Econom\u00eda<\/strong> le pone nota al experimento argentino: interesante, pero incompleto. <strong>James Heckman<\/strong>, ganador del galard\u00f3n en el a\u00f1o <strong>2000<\/strong> y uno de los economistas m\u00e1s citados del mundo, visit\u00f3 la Argentina, recibi\u00f3 el <strong>Doctorado Honoris Causa<\/strong> de la <strong>Universidad del Cema (Ucema)<\/strong> y particip\u00f3 del evento <em>Vientos de Cambio<\/em>, donde tambi\u00e9n estuvieron el presidente <strong>Javier Milei<\/strong> y los ministros <strong>Luis Caputo<\/strong> y <strong>Federico Sturzenegger<\/strong>.<\/p>\n<p>El encuentro con Milei dej\u00f3 una impresi\u00f3n positiva en el acad\u00e9mico. <strong>&#8220;Milei tiene una mente muy activa, fue muy estimulante hablar con \u00e9l&#8221;<\/strong>, dijo Heckman antes de partir de regreso a <strong>Chicago<\/strong>. Pero el elogio personal no lo ceg\u00f3 frente a lo que vio en el evento: optimismo en cantidad, propuestas concretas en falta.<\/p>\n<p><strong>&#8220;Mi impresi\u00f3n general fue de optimismo, esperanza y planes para cambiar las regulaciones&#8221;<\/strong>, se\u00f1al\u00f3 el economista, y de inmediato puso el pero: <strong>&#8220;Hubo menos detalles de los que me habr\u00eda gustado ver. Fueron m\u00e1s declaraciones de principios generales que sobre pol\u00edticas espec\u00edficas&#8221;<\/strong>. En otras palabras, mucho relato de transformaci\u00f3n y pocas l\u00edneas de acci\u00f3n medibles.<\/p>\n<p>Lo que Heckman extra\u00f1\u00f3 no es menor. El economista es mundialmente conocido por demostrar que la <strong>inversi\u00f3n en primera infancia<\/strong> \u2014hasta los cinco a\u00f1os\u2014 genera los mayores retornos econ\u00f3micos de cualquier pol\u00edtica p\u00fablica: reduce la desigualdad, baja el crimen y mejora la productividad a largo plazo. Esa agenda, dijo, brill\u00f3 por su ausencia en el evento. Tambi\u00e9n reclam\u00f3 m\u00e1s claridad sobre c\u00f3mo se financiar\u00e1 y reorganizar\u00e1 la <strong>seguridad social<\/strong>.<\/p>\n<p>En conversaciones privadas con miembros del gabinete, el Nobel propuso fortalecer la <strong>escuela intermedia<\/strong> y apostar por una fuerza laboral con <strong>habilidades pr\u00e1cticas<\/strong> \u2014certificados, oficios de servicios\u2014 m\u00e1s all\u00e1 del t\u00edtulo universitario. Una agenda que, curiosamente, no choca con el esp\u00edritu desregulador del gobierno, pero que exige planificaci\u00f3n y gasto focalizado.<\/p>\n<p>Heckman tambi\u00e9n introdujo un concepto t\u00e9cnico que aplica directamente al momento argentino: la <strong>teor\u00eda del segundo mejor<\/strong>. La idea es que, cuando una econom\u00eda acumula m\u00faltiples distorsiones, eliminar una sola de ellas no garantiza mejoras. <strong>&#8220;Si elimino una distorsi\u00f3n y quedan muchas otras, puede que el resultado sea incluso peor&#8221;<\/strong>, advirti\u00f3. Las reformas en <strong>seguridad social, mercado laboral y salud<\/strong>, sostuvo, deben avanzar en conjunto porque todas afectan el presupuesto.<\/p>\n<p>La <strong>rectora de la Ucema, Carola Pessino<\/strong>, fue generosa al presentar al acad\u00e9mico: dijo que Heckman <strong>&#8220;merec\u00eda dos premios Nobel&#8221;<\/strong>, uno por sus contribuciones te\u00f3ricas y otro por las emp\u00edricas. Heckman figura en el <strong>tercer lugar del ranking mundial de economistas de RePEc\/IDEAS 2026<\/strong> y es el segundo m\u00e1s citado del planeta. Que alguien con ese peso acad\u00e9mico se tome el tiempo de advertirle al gobierno que el optimismo no alcanza sin pol\u00edticas concretas es, en s\u00ed mismo, un dato que vale la pena no ignorar.<\/p>\n<p><script type=\"application\/ld+json\">{\"@context\": \"https:\/\/schema.org\", \"@type\": \"NewsArticle\", \"headline\": \"Nobel de Econom\u00eda elogi\u00f3 a Milei pero pidi\u00f3 m\u00e1s detalles en las pol\u00edticas\", \"description\": \"James Heckman visit\u00f3 Argentina, recibi\u00f3 un Honoris Causa y habl\u00f3 con Milei. Lo encontr\u00f3 estimulante, pero advirti\u00f3 que faltaron propuestas concretas.\", \"datePublished\": \"2026-09-06T12:32:14-03:00\", \"dateModified\": \"2026-09-06T12:32:14-03:00\", \"inLanguage\": \"es-AR\", \"articleSection\": \"nacionales\", \"author\": {\"@type\": \"Organization\", \"name\": \"Redaccion LT15 Concordia\", \"url\": \"https:\/\/lt15concordia.com.ar\"}, \"publisher\": {\"@type\": \"Organization\", \"name\": \"LT15 Concordia\"}, \"mainEntityOfPage\": {\"@type\": \"WebPage\", \"@id\": \"https:\/\/lt15concordia.com.ar\/index.php\/2026\/09\/06\/nobel-de-economia-elogio-a-milei-pero-pidio-mas-detalles-en-las-politicas\/\"}, \"image\": [\"https:\/\/www.infobae.com\/resizer\/v2\/ULHMKYQ3RRCMHI5Z32C3YBFAXE.jpg?auth=8ce792e259142dec5d2552076949ec0cb3dabf5a099203ed6479b8a028439259&smart=true&width=4497&height=2998\"]}<\/script><\/p>\n","protected":false},"excerpt":{"rendered":"<p>James Heckman visit\u00f3 Argentina, recibi\u00f3 un Honoris Causa y habl\u00f3 con Milei. Lo encontr\u00f3 estimulante, pero advirti\u00f3 que faltaron propuestas concretas.<\/p>\n","protected":false},"author":5,"featured_media":61549,"comment_status":"closed","ping_status":"closed","sticky":false,"template":"","format":"standard","meta":{"footnotes":""},"categories":[89],"tags":[2223,4891,513,4892,4894,4893],"_links":{"self":[{"href":"https:\/\/lt15concordia.com.ar\/index.php\/wp-json\/wp\/v2\/posts\/61550"}],"collection":[{"href":"https:\/\/lt15concordia.com.ar\/index.php\/wp-json\/wp\/v2\/posts"}],"about":[{"href":"https:\/\/lt15concordia.com.ar\/index.php\/wp-json\/wp\/v2\/types\/post"}],"author":[{"embeddable":true,"href":"https:\/\/lt15concordia.com.ar\/index.php\/wp-json\/wp\/v2\/users\/5"}],"replies":[{"embeddable":true,"href":"https:\/\/lt15concordia.com.ar\/index.php\/wp-json\/wp\/v2\/comments?post=61550"}],"version-history":[{"count":2,"href":"https:\/\/lt15concordia.com.ar\/index.php\/wp-json\/wp\/v2\/posts\/61550\/revisions"}],"predecessor-version":[{"id":61552,"href":"https:\/\/lt15concordia.com.ar\/index.php\/wp-json\/wp\/v2\/posts\/61550\/revisions\/61552"}],"wp:featuredmedia":[{"embeddable":true,"href":"https:\/\/lt15concordia.com.ar\/index.php\/wp-json\/wp\/v2\/media\/61549"}],"wp:attachment":[{"href":"https:\/\/lt15concordia.com.ar\/index.php\/wp-json\/wp\/v2\/media?parent=61550"}],"wp:term":[{"taxonomy":"category","embeddable":true,"href":"https:\/\/lt15concordia.com.ar\/index.php\/wp-json\/wp\/v2\/categories?post=61550"},{"taxonomy":"post_tag","embeddable":true,"href":"https:\/\/lt15concordia.com.ar\/index.php\/wp-json\/wp\/v2\/tags?post=61550"}],"curies":[{"name":"wp","href":"https:\/\/api.w.org\/{rel}","templated":true}]}}