{"id":61546,"date":"2026-09-06T12:30:53","date_gmt":"2026-09-06T15:30:53","guid":{"rendered":"https:\/\/lt15concordia.com.ar\/?p=61546"},"modified":"2026-09-06T12:31:04","modified_gmt":"2026-09-06T15:31:04","slug":"tragedia-en-berisso-una-nena-de-6-anos-murio-en-el-incendio-de-su-casa","status":"publish","type":"post","link":"https:\/\/lt15concordia.com.ar\/index.php\/2026\/09\/06\/tragedia-en-berisso-una-nena-de-6-anos-murio-en-el-incendio-de-su-casa\/","title":{"rendered":"Tragedia en Berisso: una nena de 6 a\u00f1os muri\u00f3 en el incendio de su casa"},"content":{"rendered":"<p>Una vela encendida, una casa de madera y chapa, y ninguna luz el\u00e9ctrica. Ese fue el escenario que el domingo termin\u00f3 con la vida de una nena de <strong>seis a\u00f1os<\/strong> en <strong>Berisso, provincia de Buenos Aires<\/strong>.<\/p>\n<p>La peque\u00f1a muri\u00f3 atrapada dentro de la vivienda precaria cuando el fuego se desat\u00f3 y no pudo escapar a tiempo. Seg\u00fan relat\u00f3 la madre, el incendio se habr\u00eda originado por la ca\u00edda de una <strong>vela encendida<\/strong>, el \u00fanico medio de iluminaci\u00f3n disponible en una casa que no contaba con <strong>suministro el\u00e9ctrico<\/strong>.<\/p>\n<p>La imagen es brutal en su sencillez: una familia sin acceso a la red el\u00e9ctrica, obligada a alumbrarse con velas en pleno siglo XXI, y una nena que pag\u00f3 con su vida esa carencia. No hay forma de suavizarlo. La precariedad no es un dato estad\u00edstico; tiene seis a\u00f1os, tiene nombre, tiene una madre que ahora tiene que explicar lo inexplicable.<\/p>\n<p>\u00bfCu\u00e1ntas viviendas en condiciones similares hay en el conurbano bonaerense, en el norte entrerriano, en cualquier rinc\u00f3n del pa\u00eds donde la pobreza energ\u00e9tica convive con el peligro cotidiano? La pregunta no es ret\u00f3rica: es urgente.<\/p>\n<p>El hecho ocurri\u00f3 en <strong>Berisso<\/strong>, localidad del Gran La Plata, y las autoridades bonaerenses tomaron intervenci\u00f3n para determinar las circunstancias exactas del siniestro. La causa del fuego, seg\u00fan la versi\u00f3n de la madre, apunta a la ca\u00edda accidental de la vela, aunque la investigaci\u00f3n seguir\u00e1 su curso para confirmar el origen del incendio.<\/p>\n<p><script type=\"application\/ld+json\">{\"@context\": \"https:\/\/schema.org\", \"@type\": \"NewsArticle\", \"headline\": \"Tragedia en Berisso: una nena de 6 a\u00f1os muri\u00f3 en el incendio de su casa\", \"description\": \"La peque\u00f1a qued\u00f3 atrapada en una vivienda de madera y chapa en Berisso, Buenos Aires. El fuego habr\u00eda empezado por una vela encendida.\", \"datePublished\": \"2026-09-06T12:31:03-03:00\", \"dateModified\": \"2026-09-06T12:31:03-03:00\", \"inLanguage\": \"es-AR\", \"articleSection\": \"seguridad\", \"author\": {\"@type\": \"Organization\", \"name\": \"Redaccion LT15 Concordia\", \"url\": \"https:\/\/lt15concordia.com.ar\"}, \"publisher\": {\"@type\": \"Organization\", \"name\": \"LT15 Concordia\"}, \"mainEntityOfPage\": {\"@type\": \"WebPage\", \"@id\": \"https:\/\/lt15concordia.com.ar\/index.php\/2026\/09\/06\/tragedia-en-berisso-una-nena-de-6-anos-murio-en-el-incendio-de-su-casa\/\"}, \"image\": [\"https:\/\/elonce-media.elonce.com\/fotos\/2026\/09\/06\/m_1788705877_1349.webp\"]}<\/script><\/p>\n","protected":false},"excerpt":{"rendered":"<p>La peque\u00f1a qued\u00f3 atrapada en una vivienda de madera y chapa en Berisso, Buenos Aires. El fuego habr\u00eda empezado por una vela encendida.<\/p>\n","protected":false},"author":5,"featured_media":61545,"comment_status":"closed","ping_status":"closed","sticky":false,"template":"","format":"standard","meta":{"footnotes":""},"categories":[89,33],"tags":[4166,181,202,4889,4890,4888],"_links":{"self":[{"href":"https:\/\/lt15concordia.com.ar\/index.php\/wp-json\/wp\/v2\/posts\/61546"}],"collection":[{"href":"https:\/\/lt15concordia.com.ar\/index.php\/wp-json\/wp\/v2\/posts"}],"about":[{"href":"https:\/\/lt15concordia.com.ar\/index.php\/wp-json\/wp\/v2\/types\/post"}],"author":[{"embeddable":true,"href":"https:\/\/lt15concordia.com.ar\/index.php\/wp-json\/wp\/v2\/users\/5"}],"replies":[{"embeddable":true,"href":"https:\/\/lt15concordia.com.ar\/index.php\/wp-json\/wp\/v2\/comments?post=61546"}],"version-history":[{"count":2,"href":"https:\/\/lt15concordia.com.ar\/index.php\/wp-json\/wp\/v2\/posts\/61546\/revisions"}],"predecessor-version":[{"id":61548,"href":"https:\/\/lt15concordia.com.ar\/index.php\/wp-json\/wp\/v2\/posts\/61546\/revisions\/61548"}],"wp:featuredmedia":[{"embeddable":true,"href":"https:\/\/lt15concordia.com.ar\/index.php\/wp-json\/wp\/v2\/media\/61545"}],"wp:attachment":[{"href":"https:\/\/lt15concordia.com.ar\/index.php\/wp-json\/wp\/v2\/media?parent=61546"}],"wp:term":[{"taxonomy":"category","embeddable":true,"href":"https:\/\/lt15concordia.com.ar\/index.php\/wp-json\/wp\/v2\/categories?post=61546"},{"taxonomy":"post_tag","embeddable":true,"href":"https:\/\/lt15concordia.com.ar\/index.php\/wp-json\/wp\/v2\/tags?post=61546"}],"curies":[{"name":"wp","href":"https:\/\/api.w.org\/{rel}","templated":true}]}}