{"id":61542,"date":"2026-09-06T11:32:31","date_gmt":"2026-09-06T14:32:31","guid":{"rendered":"https:\/\/lt15concordia.com.ar\/?p=61542"},"modified":"2026-09-06T11:32:43","modified_gmt":"2026-09-06T14:32:43","slug":"aerovan-subio-al-anden-en-manizales-una-mujer-murio-y-el-conductor-huyo","status":"publish","type":"post","link":"https:\/\/lt15concordia.com.ar\/index.php\/2026\/09\/06\/aerovan-subio-al-anden-en-manizales-una-mujer-murio-y-el-conductor-huyo\/","title":{"rendered":"Aerovan subi\u00f3 al and\u00e9n en Manizales: una mujer muri\u00f3 y el conductor huy\u00f3"},"content":{"rendered":"<p>Una imagen captada por c\u00e1maras lo dice todo: un veh\u00edculo de transporte p\u00fablico avanzando a toda velocidad por la <strong>avenida Santander<\/strong> de <strong>Manizales, Colombia<\/strong>, hasta salirse de la calzada, derribar un \u00e1rbol y subirse de lleno al and\u00e9n donde caminaban personas. El resultado fue brutal.<\/p>\n<p>El hecho ocurri\u00f3 en la tarde del <strong>viernes 4 de septiembre<\/strong>, en el sector conocido como <strong>Cristo Rey<\/strong>. La v\u00edctima fatal fue identificada como <strong>Mar\u00eda Isabel Mahecha<\/strong>, una adulta mayor que transitaba por la vereda con un bolso en la espalda. No tuvo chance de reaccionar. Las otras dos personas lesionadas fueron identificadas como <strong>William Castrill\u00f3n<\/strong> y <strong>Mar\u00eda Taila Holgu\u00edn L\u00f3pez<\/strong>.<\/p>\n<p>La aerovan involucrada llevaba logos de la empresa de encomiendas <strong>Interrapid\u00edsimo<\/strong>, dato que gener\u00f3 comentarios en redes sociales. Sin embargo, las autoridades aclararon que esa identificaci\u00f3n visual no implica por s\u00ed sola ninguna responsabilidad de la compa\u00f1\u00eda: deber\u00e1n determinar si el veh\u00edculo ten\u00eda alguna relaci\u00f3n operativa con la firma y bajo qu\u00e9 condiciones circulaba.<\/p>\n<p>Lo que s\u00ed est\u00e1 claro, y agrava el cuadro, es que el conductor <strong>huy\u00f3 del lugar<\/strong> tras el siniestro. La b\u00fasqueda e identificaci\u00f3n del responsable forman parte de las diligencias que llevan adelante las autoridades colombianas, junto con la reconstrucci\u00f3n de lo que ocurri\u00f3 en los instantes previos al impacto.<\/p>\n<p>El video difundido en redes permiti\u00f3 registrar parte de la secuencia: el desplazamiento del veh\u00edculo por la avenida y el momento en que irrumpe con fuerza en el espacio peatonal. Las im\u00e1genes generaron alarma y repudio en plataformas digitales, donde la pregunta que se repet\u00eda era una sola: c\u00f3mo es posible que el responsable se haya dado a la fuga.<\/p>\n<p>La investigaci\u00f3n deber\u00e1 establecer las causas de la p\u00e9rdida de control, la identidad del conductor y las responsabilidades penales que correspondan. Mientras tanto, <strong>Manizales<\/strong> llora a una mujer que sali\u00f3 a caminar y no volvi\u00f3.<\/p>\n<p><script type=\"application\/ld+json\">{\"@context\": \"https:\/\/schema.org\", \"@type\": \"NewsArticle\", \"headline\": \"Aerovan subi\u00f3 al and\u00e9n en Manizales: una mujer muri\u00f3 y el conductor huy\u00f3\", \"description\": \"Una aerovan perdi\u00f3 el control en la avenida Santander de Manizales, Colombia, arroll\u00f3 a una adulta mayor que muri\u00f3 y dej\u00f3 dos heridos. El conductor escap\u00f3.\", \"datePublished\": \"2026-09-06T11:32:43-03:00\", \"dateModified\": \"2026-09-06T11:32:43-03:00\", \"inLanguage\": \"es-AR\", \"articleSection\": \"seguridad\", \"author\": {\"@type\": \"Organization\", \"name\": \"Redaccion LT15 Concordia\", \"url\": \"https:\/\/lt15concordia.com.ar\"}, \"publisher\": {\"@type\": \"Organization\", \"name\": \"LT15 Concordia\"}, \"mainEntityOfPage\": {\"@type\": \"WebPage\", \"@id\": \"https:\/\/lt15concordia.com.ar\/index.php\/2026\/09\/06\/aerovan-subio-al-anden-en-manizales-una-mujer-murio-y-el-conductor-huyo\/\"}, \"image\": [\"https:\/\/www.infobae.com\/resizer\/v2\/RQQLI6YHRREY7GRVAXCAFWFHTA.png?auth=6414bd7dde19aaf892aa9f0e40496f82496f9b8853abc72749b4ea03bdff7b74&smart=true&width=840&height=710\"]}<\/script><\/p>\n","protected":false},"excerpt":{"rendered":"<p>Una aerovan perdi\u00f3 el control en la avenida Santander de Manizales, Colombia, arroll\u00f3 a una adulta mayor que muri\u00f3 y dej\u00f3 dos heridos. El conductor escap\u00f3.<\/p>\n","protected":false},"author":5,"featured_media":61541,"comment_status":"closed","ping_status":"closed","sticky":false,"template":"","format":"standard","meta":{"footnotes":""},"categories":[89,33],"tags":[2428,4887,2880,2538,3753],"_links":{"self":[{"href":"https:\/\/lt15concordia.com.ar\/index.php\/wp-json\/wp\/v2\/posts\/61542"}],"collection":[{"href":"https:\/\/lt15concordia.com.ar\/index.php\/wp-json\/wp\/v2\/posts"}],"about":[{"href":"https:\/\/lt15concordia.com.ar\/index.php\/wp-json\/wp\/v2\/types\/post"}],"author":[{"embeddable":true,"href":"https:\/\/lt15concordia.com.ar\/index.php\/wp-json\/wp\/v2\/users\/5"}],"replies":[{"embeddable":true,"href":"https:\/\/lt15concordia.com.ar\/index.php\/wp-json\/wp\/v2\/comments?post=61542"}],"version-history":[{"count":2,"href":"https:\/\/lt15concordia.com.ar\/index.php\/wp-json\/wp\/v2\/posts\/61542\/revisions"}],"predecessor-version":[{"id":61544,"href":"https:\/\/lt15concordia.com.ar\/index.php\/wp-json\/wp\/v2\/posts\/61542\/revisions\/61544"}],"wp:featuredmedia":[{"embeddable":true,"href":"https:\/\/lt15concordia.com.ar\/index.php\/wp-json\/wp\/v2\/media\/61541"}],"wp:attachment":[{"href":"https:\/\/lt15concordia.com.ar\/index.php\/wp-json\/wp\/v2\/media?parent=61542"}],"wp:term":[{"taxonomy":"category","embeddable":true,"href":"https:\/\/lt15concordia.com.ar\/index.php\/wp-json\/wp\/v2\/categories?post=61542"},{"taxonomy":"post_tag","embeddable":true,"href":"https:\/\/lt15concordia.com.ar\/index.php\/wp-json\/wp\/v2\/tags?post=61542"}],"curies":[{"name":"wp","href":"https:\/\/api.w.org\/{rel}","templated":true}]}}