{"id":61526,"date":"2026-09-06T10:31:03","date_gmt":"2026-09-06T13:31:03","guid":{"rendered":"https:\/\/lt15concordia.com.ar\/?p=61526"},"modified":"2026-09-06T10:31:15","modified_gmt":"2026-09-06T13:31:15","slug":"banda-de-asaltantes-desarticulada-en-concordia-un-militar-retirado-entre-los-det","status":"publish","type":"post","link":"https:\/\/lt15concordia.com.ar\/index.php\/2026\/09\/06\/banda-de-asaltantes-desarticulada-en-concordia-un-militar-retirado-entre-los-det\/","title":{"rendered":"Banda de asaltantes desarticulada en Concordia: un militar retirado, entre los detenidos"},"content":{"rendered":"<p>Una <strong>Volkswagen Amarok blanca de alta gama<\/strong>, tres armas de fuego, cien cartuchos y ropa usada en los robos. Ese fue el bot\u00edn que encontr\u00f3 la Justicia al desbaratar una banda que ven\u00eda sembrando el miedo en <strong>Concordia<\/strong> con asaltos a mano armada. El dato que m\u00e1s llama la atenci\u00f3n: uno de los detenidos es un <strong>militar jubilado<\/strong>, due\u00f1o de la camioneta que usaban para escapar.<\/p>\n<p>La investigaci\u00f3n arranc\u00f3 a partir de <strong>tres hechos delictivos registrados el 30 de agosto, el 3 y el 4 de septiembre de 2026<\/strong>, todos con armas de fuego de por medio. El fiscal <strong>Dr. Mart\u00edn N\u00fa\u00f1ez<\/strong> y el juez de Garant\u00edas <strong>Dr. Mauricio Guerrero<\/strong> impulsaron las medidas que permitieron avanzar sobre los sospechosos. Personal de distintas \u00e1reas de la <strong>Jefatura Departamental Concordia<\/strong> ejecut\u00f3 el operativo.<\/p>\n<p>El modus operandi era prolijo y repetido: los sospechosos eleg\u00edan el blanco con anticipaci\u00f3n, se acercaban en la Amarok, la dejaban estacionada cerca, y dos hombres con el rostro cubierto entraban al lugar exhibiendo armas. Reduc\u00edan a las v\u00edctimas, se llevaban dinero y objetos de valor, y volv\u00edan corriendo al veh\u00edculo. La reiteraci\u00f3n del patr\u00f3n fue lo que los delat\u00f3.<\/p>\n<p>Seg\u00fan la hip\u00f3tesis de la causa, el <strong>militar retirado<\/strong> no solo aportaba la camioneta sino que tambi\u00e9n habr\u00eda facilitado las armas utilizadas en los asaltos. Uno de los otros implicados, que hab\u00eda recuperado la libertad hac\u00eda pocos meses, habr\u00eda sido el encargado de <strong>reclutar integrantes<\/strong>. Otro habr\u00eda participado directamente como autor material en al menos dos de los robos. El tercero, se\u00f1alado como alguien con un extenso prontuario, habr\u00eda sido convocado por los otros dos para sumarse a la organizaci\u00f3n.<\/p>\n<p>Con los elementos reunidos, la Justicia autoriz\u00f3 <strong>cuatro allanamientos<\/strong> en distintos puntos de la ciudad: <strong>Feliciano y Avenida del Valle, G\u00fcemes y H. Primo, 25 de Mayo y Ram\u00edrez, y Diamante y Urdinarrain<\/strong>. Los cuatro procedimientos dieron resultado positivo.<\/p>\n<p>Entre lo secuestrado: la <strong>Volkswagen Amarok blanca<\/strong>, tres pistolas \u2014una <strong>Bersa calibre .22<\/strong>, una <strong>Hi-Power 9 mm<\/strong> y una <strong>Bersa 9 mm<\/strong>\u2014, aproximadamente <strong>100 cartuchos<\/strong> de distintos calibres, <strong>siete tel\u00e9fonos celulares<\/strong> y prendas de vestir que ser\u00edan las utilizadas durante los asaltos.<\/p>\n<p>Como resultado de los operativos quedaron detenidos <strong>tres hombres mayores de edad<\/strong>, entre ellos el militar jubilado. Dos sospechosos permanecen pr\u00f3fugos y son buscados en el marco de la causa que contin\u00faa en manos de la Justicia entrerriana.<\/p>\n<p><script type=\"application\/ld+json\">{\"@context\": \"https:\/\/schema.org\", \"@type\": \"NewsArticle\", \"headline\": \"Banda de asaltantes desarticulada en Concordia: un militar retirado, entre los detenidos\", \"description\": \"Cuatro allanamientos y tres detenidos tras una investigaci\u00f3n policial y judicial que desmantel\u00f3 una organizaci\u00f3n vinculada a asaltos a mano armada en Concordia.\", \"datePublished\": \"2026-09-06T10:31:15-03:00\", \"dateModified\": \"2026-09-06T10:31:15-03:00\", \"inLanguage\": \"es-AR\", \"articleSection\": \"seguridad\", \"author\": {\"@type\": \"Organization\", \"name\": \"Redaccion LT15 Concordia\", \"url\": \"https:\/\/lt15concordia.com.ar\"}, \"publisher\": {\"@type\": \"Organization\", \"name\": \"LT15 Concordia\"}, \"mainEntityOfPage\": {\"@type\": \"WebPage\", \"@id\": \"https:\/\/lt15concordia.com.ar\/index.php\/2026\/09\/06\/banda-de-asaltantes-desarticulada-en-concordia-un-militar-retirado-entre-los-det\/\"}, \"image\": [\"https:\/\/www.diariojunio.com.ar\/wp-content\/uploads\/2026\/09\/allanamiento-militar-retirado-banda.jpg\"]}<\/script><\/p>\n","protected":false},"excerpt":{"rendered":"<p>Cuatro allanamientos y tres detenidos tras una investigaci\u00f3n policial y judicial que desmantel\u00f3 una organizaci\u00f3n vinculada a asaltos a mano armada en Concordia.<\/p>\n","protected":false},"author":5,"featured_media":61525,"comment_status":"closed","ping_status":"closed","sticky":false,"template":"","format":"standard","meta":{"footnotes":""},"categories":[30,33],"tags":[327,852,4883,41,4884,2205],"_links":{"self":[{"href":"https:\/\/lt15concordia.com.ar\/index.php\/wp-json\/wp\/v2\/posts\/61526"}],"collection":[{"href":"https:\/\/lt15concordia.com.ar\/index.php\/wp-json\/wp\/v2\/posts"}],"about":[{"href":"https:\/\/lt15concordia.com.ar\/index.php\/wp-json\/wp\/v2\/types\/post"}],"author":[{"embeddable":true,"href":"https:\/\/lt15concordia.com.ar\/index.php\/wp-json\/wp\/v2\/users\/5"}],"replies":[{"embeddable":true,"href":"https:\/\/lt15concordia.com.ar\/index.php\/wp-json\/wp\/v2\/comments?post=61526"}],"version-history":[{"count":2,"href":"https:\/\/lt15concordia.com.ar\/index.php\/wp-json\/wp\/v2\/posts\/61526\/revisions"}],"predecessor-version":[{"id":61528,"href":"https:\/\/lt15concordia.com.ar\/index.php\/wp-json\/wp\/v2\/posts\/61526\/revisions\/61528"}],"wp:featuredmedia":[{"embeddable":true,"href":"https:\/\/lt15concordia.com.ar\/index.php\/wp-json\/wp\/v2\/media\/61525"}],"wp:attachment":[{"href":"https:\/\/lt15concordia.com.ar\/index.php\/wp-json\/wp\/v2\/media?parent=61526"}],"wp:term":[{"taxonomy":"category","embeddable":true,"href":"https:\/\/lt15concordia.com.ar\/index.php\/wp-json\/wp\/v2\/categories?post=61526"},{"taxonomy":"post_tag","embeddable":true,"href":"https:\/\/lt15concordia.com.ar\/index.php\/wp-json\/wp\/v2\/tags?post=61526"}],"curies":[{"name":"wp","href":"https:\/\/api.w.org\/{rel}","templated":true}]}}