{"id":61518,"date":"2026-09-06T09:31:50","date_gmt":"2026-09-06T12:31:50","guid":{"rendered":"https:\/\/lt15concordia.com.ar\/?p=61518"},"modified":"2026-09-06T09:32:01","modified_gmt":"2026-09-06T12:32:01","slug":"choque-en-parana-motociclista-con-fractura-de-femur-tras-impactar-contra-una-cam","status":"publish","type":"post","link":"https:\/\/lt15concordia.com.ar\/index.php\/2026\/09\/06\/choque-en-parana-motociclista-con-fractura-de-femur-tras-impactar-contra-una-cam\/","title":{"rendered":"Choque en Paran\u00e1: motociclista con fractura de f\u00e9mur tras impactar contra una camioneta"},"content":{"rendered":"<p>Un choque violento dej\u00f3 a un motociclista internado en <strong>Paran\u00e1<\/strong> con heridas de consideraci\u00f3n. El accidente ocurri\u00f3 cuando la moto impact\u00f3 contra una camioneta, con consecuencias que no tardaron en evidenciar la gravedad del golpe.<\/p>\n<p>El conductor de la moto fue trasladado de urgencia al <strong>Hospital San Mart\u00edn<\/strong>, donde los m\u00e9dicos confirmaron que sufri\u00f3 una <strong>fractura de f\u00e9mur<\/strong>. Qued\u00f3 internado en el \u00e1rea de <strong>Traumatolog\u00eda<\/strong>, bajo atenci\u00f3n especializada.<\/p>\n<p>Los accidentes entre motos y veh\u00edculos de mayor porte siguen siendo una constante preocupante en las calles entrerrianas. La desproporci\u00f3n entre ambos veh\u00edculos casi siempre tiene el mismo resultado: el motociclista paga el precio m\u00e1s alto. Una fractura de f\u00e9mur no es un dato menor, es semanas de recuperaci\u00f3n, cirug\u00edas y rehabilitaci\u00f3n.<\/p>\n<p>Al cierre de esta nota, el motociclista permanec\u00eda internado en <strong>Traumatolog\u00eda<\/strong> del <strong>Hospital San Mart\u00edn de Paran\u00e1<\/strong>, sin que se informaran mayores detalles sobre su estado cl\u00ednico ni sobre las circunstancias exactas del siniestro.<\/p>\n<p><script type=\"application\/ld+json\">{\"@context\": \"https:\/\/schema.org\", \"@type\": \"NewsArticle\", \"headline\": \"Choque en Paran\u00e1: motociclista con fractura de f\u00e9mur tras impactar contra una camioneta\", \"description\": \"Un motociclista sufri\u00f3 graves heridas al chocar con una camioneta en Paran\u00e1. Fue internado en el Hospital San Mart\u00edn con fractura de f\u00e9mur.\", \"datePublished\": \"2026-09-06T09:32:00-03:00\", \"dateModified\": \"2026-09-06T09:32:00-03:00\", \"inLanguage\": \"es-AR\", \"articleSection\": \"seguridad\", \"author\": {\"@type\": \"Organization\", \"name\": \"Redaccion LT15 Concordia\", \"url\": \"https:\/\/lt15concordia.com.ar\"}, \"publisher\": {\"@type\": \"Organization\", \"name\": \"LT15 Concordia\"}, \"mainEntityOfPage\": {\"@type\": \"WebPage\", \"@id\": \"https:\/\/lt15concordia.com.ar\/index.php\/2026\/09\/06\/choque-en-parana-motociclista-con-fractura-de-femur-tras-impactar-contra-una-cam\/\"}, \"image\": [\"https:\/\/elonce-media.elonce.com\/fotos\/2026\/09\/06\/m_1788695680_7470.webp\"]}<\/script><\/p>\n","protected":false},"excerpt":{"rendered":"<p>Un motociclista sufri\u00f3 graves heridas al chocar con una camioneta en Paran\u00e1. Fue internado en el Hospital San Mart\u00edn con fractura de f\u00e9mur.<\/p>\n","protected":false},"author":5,"featured_media":61517,"comment_status":"closed","ping_status":"closed","sticky":false,"template":"","format":"standard","meta":{"footnotes":""},"categories":[33,37],"tags":[2166,1271,2748,67,4882],"_links":{"self":[{"href":"https:\/\/lt15concordia.com.ar\/index.php\/wp-json\/wp\/v2\/posts\/61518"}],"collection":[{"href":"https:\/\/lt15concordia.com.ar\/index.php\/wp-json\/wp\/v2\/posts"}],"about":[{"href":"https:\/\/lt15concordia.com.ar\/index.php\/wp-json\/wp\/v2\/types\/post"}],"author":[{"embeddable":true,"href":"https:\/\/lt15concordia.com.ar\/index.php\/wp-json\/wp\/v2\/users\/5"}],"replies":[{"embeddable":true,"href":"https:\/\/lt15concordia.com.ar\/index.php\/wp-json\/wp\/v2\/comments?post=61518"}],"version-history":[{"count":2,"href":"https:\/\/lt15concordia.com.ar\/index.php\/wp-json\/wp\/v2\/posts\/61518\/revisions"}],"predecessor-version":[{"id":61520,"href":"https:\/\/lt15concordia.com.ar\/index.php\/wp-json\/wp\/v2\/posts\/61518\/revisions\/61520"}],"wp:featuredmedia":[{"embeddable":true,"href":"https:\/\/lt15concordia.com.ar\/index.php\/wp-json\/wp\/v2\/media\/61517"}],"wp:attachment":[{"href":"https:\/\/lt15concordia.com.ar\/index.php\/wp-json\/wp\/v2\/media?parent=61518"}],"wp:term":[{"taxonomy":"category","embeddable":true,"href":"https:\/\/lt15concordia.com.ar\/index.php\/wp-json\/wp\/v2\/categories?post=61518"},{"taxonomy":"post_tag","embeddable":true,"href":"https:\/\/lt15concordia.com.ar\/index.php\/wp-json\/wp\/v2\/tags?post=61518"}],"curies":[{"name":"wp","href":"https:\/\/api.w.org\/{rel}","templated":true}]}}