{"id":61510,"date":"2026-09-06T08:30:49","date_gmt":"2026-09-06T11:30:49","guid":{"rendered":"https:\/\/lt15concordia.com.ar\/?p=61510"},"modified":"2026-09-06T08:31:01","modified_gmt":"2026-09-06T11:31:01","slug":"frio-polar-en-entre-rios-3c-y-alerta-amarilla-este-domingo","status":"publish","type":"post","link":"https:\/\/lt15concordia.com.ar\/index.php\/2026\/09\/06\/frio-polar-en-entre-rios-3c-y-alerta-amarilla-este-domingo\/","title":{"rendered":"Fr\u00edo polar en Entre R\u00edos: 3\u00b0C y alerta amarilla este domingo"},"content":{"rendered":"<p>El domingo arranc\u00f3 con todo el peso del invierno sobre <strong>Entre R\u00edos<\/strong>. <strong>Paran\u00e1<\/strong> registr\u00f3 apenas <strong>3\u00b0C<\/strong> al amanecer, con una sensaci\u00f3n t\u00e9rmica que toc\u00f3 los <strong>0\u00b0C<\/strong>, y el fr\u00edo no fue un capricho local: abarc\u00f3 buena parte del centro del pa\u00eds en una jornada que invit\u00f3 a quedarse bajo las cobijas.<\/p>\n<p>El <strong>Servicio Meteorol\u00f3gico Nacional<\/strong> activ\u00f3 una <strong>alerta amarilla por bajas temperaturas<\/strong> para la provincia, lo que implica condiciones que pueden afectar especialmente a personas mayores, ni\u00f1os y quienes trabajan a la intemperie. No es un alerta para ignorar: el <strong>0\u00b0C de sensaci\u00f3n t\u00e9rmica<\/strong> es un dato que pega en el cuerpo antes de que el term\u00f3metro lo confirme.<\/p>\n<p>La pregunta que se hace todo el mundo en una ma\u00f1ana as\u00ed es cu\u00e1ndo termina esto. El pron\u00f3stico para el arranque de la <strong>semana<\/strong> no trae alivio inmediato: las temperaturas se mantendr\u00edan bajas en los primeros d\u00edas, con una recuperaci\u00f3n gradual esperada hacia la segunda mitad de la semana, cuando el ingreso de aire m\u00e1s c\u00e1lido podr\u00eda empujar los valores hacia rangos m\u00e1s propios de la transici\u00f3n entre invierno y primavera.<\/p>\n<p>Mientras tanto, el consejo es elemental pero necesario: abrigo en capas, cuidado con la calefacci\u00f3n a gas en espacios cerrados sin ventilaci\u00f3n, y atenci\u00f3n especial a los adultos mayores y a quienes viven en situaci\u00f3n de calle. El fr\u00edo extremo no discrimina, pero s\u00ed golpea m\u00e1s fuerte a quienes tienen menos recursos para enfrentarlo.<\/p>\n<p>La <strong>provincia de Entre R\u00edos<\/strong> atraviesa uno de los fines de semana m\u00e1s fr\u00edos del a\u00f1o, y la recomendaci\u00f3n es mantenerse informado sobre la evoluci\u00f3n del pron\u00f3stico a medida que avance la semana.<\/p>\n<p><script type=\"application\/ld+json\">{\"@context\": \"https:\/\/schema.org\", \"@type\": \"NewsArticle\", \"headline\": \"Fr\u00edo polar en Entre R\u00edos: 3\u00b0C y alerta amarilla este domingo\", \"description\": \"La provincia amaneci\u00f3 con temperaturas m\u00ednimas y sensaci\u00f3n t\u00e9rmica de 0\u00b0C en Paran\u00e1. Rige alerta amarilla por bajas temperaturas.\", \"datePublished\": \"2026-09-06T08:31:01-03:00\", \"dateModified\": \"2026-09-06T08:31:01-03:00\", \"inLanguage\": \"es-AR\", \"articleSection\": \"sociedad\", \"author\": {\"@type\": \"Organization\", \"name\": \"Redaccion LT15 Concordia\", \"url\": \"https:\/\/lt15concordia.com.ar\"}, \"publisher\": {\"@type\": \"Organization\", \"name\": \"LT15 Concordia\"}, \"mainEntityOfPage\": {\"@type\": \"WebPage\", \"@id\": \"https:\/\/lt15concordia.com.ar\/index.php\/2026\/09\/06\/frio-polar-en-entre-rios-3c-y-alerta-amarilla-este-domingo\/\"}, \"image\": [\"https:\/\/elonce-media.elonce.com\/fotos\/2026\/09\/06\/m_1788693718_43234.webp\"]}<\/script><\/p>\n","protected":false},"excerpt":{"rendered":"<p>La provincia amaneci\u00f3 con temperaturas m\u00ednimas y sensaci\u00f3n t\u00e9rmica de 0\u00b0C en Paran\u00e1. Rige alerta amarilla por bajas temperaturas.<\/p>\n","protected":false},"author":5,"featured_media":61509,"comment_status":"closed","ping_status":"closed","sticky":false,"template":"","format":"standard","meta":{"footnotes":""},"categories":[37],"tags":[740,169,63,1365,67,2093],"_links":{"self":[{"href":"https:\/\/lt15concordia.com.ar\/index.php\/wp-json\/wp\/v2\/posts\/61510"}],"collection":[{"href":"https:\/\/lt15concordia.com.ar\/index.php\/wp-json\/wp\/v2\/posts"}],"about":[{"href":"https:\/\/lt15concordia.com.ar\/index.php\/wp-json\/wp\/v2\/types\/post"}],"author":[{"embeddable":true,"href":"https:\/\/lt15concordia.com.ar\/index.php\/wp-json\/wp\/v2\/users\/5"}],"replies":[{"embeddable":true,"href":"https:\/\/lt15concordia.com.ar\/index.php\/wp-json\/wp\/v2\/comments?post=61510"}],"version-history":[{"count":2,"href":"https:\/\/lt15concordia.com.ar\/index.php\/wp-json\/wp\/v2\/posts\/61510\/revisions"}],"predecessor-version":[{"id":61512,"href":"https:\/\/lt15concordia.com.ar\/index.php\/wp-json\/wp\/v2\/posts\/61510\/revisions\/61512"}],"wp:featuredmedia":[{"embeddable":true,"href":"https:\/\/lt15concordia.com.ar\/index.php\/wp-json\/wp\/v2\/media\/61509"}],"wp:attachment":[{"href":"https:\/\/lt15concordia.com.ar\/index.php\/wp-json\/wp\/v2\/media?parent=61510"}],"wp:term":[{"taxonomy":"category","embeddable":true,"href":"https:\/\/lt15concordia.com.ar\/index.php\/wp-json\/wp\/v2\/categories?post=61510"},{"taxonomy":"post_tag","embeddable":true,"href":"https:\/\/lt15concordia.com.ar\/index.php\/wp-json\/wp\/v2\/tags?post=61510"}],"curies":[{"name":"wp","href":"https:\/\/api.w.org\/{rel}","templated":true}]}}