{"id":61502,"date":"2026-09-06T06:31:50","date_gmt":"2026-09-06T09:31:50","guid":{"rendered":"https:\/\/lt15concordia.com.ar\/?p=61502"},"modified":"2026-09-06T06:32:01","modified_gmt":"2026-09-06T09:32:01","slug":"colapinto-arranca-septimo-en-monza-la-carrera-de-f1-ya-esta-en-marcha","status":"publish","type":"post","link":"https:\/\/lt15concordia.com.ar\/index.php\/2026\/09\/06\/colapinto-arranca-septimo-en-monza-la-carrera-de-f1-ya-esta-en-marcha\/","title":{"rendered":"Colapinto arranca s\u00e9ptimo en Monza: la carrera de F1 ya est\u00e1 en marcha"},"content":{"rendered":"<p>Hay pocas cosas m\u00e1s entrerrianamente universales que quedarse pegado a una pantalla un domingo a la ma\u00f1ana siguiendo a un argentino en la F\u00f3rmula 1. Y este domingo, <strong>Franco Colapinto<\/strong> tiene una raz\u00f3n de peso para ilusionar: larga <strong>s\u00e9ptimo<\/strong> en el <strong>Gran Premio de Italia<\/strong>, en el m\u00edtico circuito de <strong>Monza<\/strong>, desde la mejor posici\u00f3n de grilla que consigui\u00f3 desde que lleg\u00f3 a la m\u00e1xima categor\u00eda en <strong>2024<\/strong>.<\/p>\n<p>El bonaerense comparte equipo con <strong>Pierre Gasly<\/strong>, quien saldr\u00e1 desde la <strong>pole position<\/strong>, la primera de su carrera, convirti\u00e9ndose en el primer piloto franc\u00e9s en conseguirla desde <strong>Jean Alesi en 1997<\/strong>, tambi\u00e9n en Monza. Colapinto fue claro al bajar del auto tras la clasificaci\u00f3n del s\u00e1bado: <strong>&#8220;\u00c9l en la pole, yo octavo&#8230; con ganas de hacer una buena carrera e ir para adelante&#8221;<\/strong>. Arrancar\u00e1 s\u00e9ptimo gracias a la penalizaci\u00f3n de <strong>30 puestos<\/strong> que cay\u00f3 sobre <strong>Kimi Antonelli<\/strong>, el italiano que lidera el campeonato y que largar\u00e1 \u00faltimo.<\/p>\n<p>La semana no fue sencilla para <strong>Alpine<\/strong>. El viernes, el equipo todav\u00eda diger\u00eda la bronca por el podio que la <strong>FIA<\/strong> le quit\u00f3 a Gasly tras el Gran Premio de M\u00f3naco, una decisi\u00f3n que lleg\u00f3 tres meses despu\u00e9s de la carrera y que encendi\u00f3 la pol\u00e9mica. El asesor ejecutivo del equipo, <strong>Flavio Briatore<\/strong>, cuestion\u00f3 p\u00fablicamente la actuaci\u00f3n de uno de los integrantes del tribunal y se\u00f1al\u00f3 supuestos v\u00ednculos con <strong>McLaren<\/strong>, uno de los equipos que hab\u00eda apelado. La FIA respondi\u00f3 con un comunicado defendiendo la independencia de sus tribunales, sin mencionar a Briatore directamente.<\/p>\n<p>Detr\u00e1s de Gasly en la grilla se ubica <strong>George Russell<\/strong>, mientras que <strong>Charles Leclerc<\/strong> y <strong>Lewis Hamilton<\/strong> ocupan la segunda fila. <strong>Max Verstappen<\/strong> saldr\u00e1 quinto, y <strong>Oscar Piastri<\/strong> cay\u00f3 del tercero al sexto lugar tras recibir una penalizaci\u00f3n de <strong>tres puestos<\/strong> por obstruir a Liam Lawson en la Q2, lo que dej\u00f3 al neozeland\u00e9s directamente fuera de la clasificaci\u00f3n.<\/p>\n<p>La carrera se disputa <strong>desde las 10 de la ma\u00f1ana<\/strong> y puede seguirse en vivo por <strong>F1TV<\/strong> y <strong>Disney+<\/strong>. <strong>Fox Sports<\/strong> la televisar\u00e1 en diferido. Para Colapinto, una largada limpia desde la cuarta fila puede ser el trampol\u00edn para sumar puntos importantes y seguir consolidando su lugar en la grilla de la F\u00f3rmula 1.<\/p>\n<p><script type=\"application\/ld+json\">{\"@context\": \"https:\/\/schema.org\", \"@type\": \"NewsArticle\", \"headline\": \"Colapinto arranca s\u00e9ptimo en Monza: la carrera de F1 ya est\u00e1 en marcha\", \"description\": \"Franco Colapinto larga s\u00e9ptimo en el GP de Italia desde Monza. Gasly sale desde la pole con Alpine en una fecha cargada de pol\u00e9micas.\", \"datePublished\": \"2026-09-06T06:32:01-03:00\", \"dateModified\": \"2026-09-06T06:32:01-03:00\", \"inLanguage\": \"es-AR\", \"articleSection\": \"deportes\", \"author\": {\"@type\": \"Organization\", \"name\": \"Redaccion LT15 Concordia\", \"url\": \"https:\/\/lt15concordia.com.ar\"}, \"publisher\": {\"@type\": \"Organization\", \"name\": \"LT15 Concordia\"}, \"mainEntityOfPage\": {\"@type\": \"WebPage\", \"@id\": \"https:\/\/lt15concordia.com.ar\/index.php\/2026\/09\/06\/colapinto-arranca-septimo-en-monza-la-carrera-de-f1-ya-esta-en-marcha\/\"}, \"image\": [\"https:\/\/www.clarin.com\/img\/2026\/09\/05\/t0rwZaxcp_1200x630__1.jpg\"]}<\/script><\/p>\n","protected":false},"excerpt":{"rendered":"<p>Franco Colapinto larga s\u00e9ptimo en el GP de Italia desde Monza. Gasly sale desde la pole con Alpine en una fecha cargada de pol\u00e9micas.<\/p>\n","protected":false},"author":5,"featured_media":61501,"comment_status":"closed","ping_status":"closed","sticky":false,"template":"","format":"standard","meta":{"footnotes":""},"categories":[34,89],"tags":[1851,2227,1849,4875,4876,4877],"_links":{"self":[{"href":"https:\/\/lt15concordia.com.ar\/index.php\/wp-json\/wp\/v2\/posts\/61502"}],"collection":[{"href":"https:\/\/lt15concordia.com.ar\/index.php\/wp-json\/wp\/v2\/posts"}],"about":[{"href":"https:\/\/lt15concordia.com.ar\/index.php\/wp-json\/wp\/v2\/types\/post"}],"author":[{"embeddable":true,"href":"https:\/\/lt15concordia.com.ar\/index.php\/wp-json\/wp\/v2\/users\/5"}],"replies":[{"embeddable":true,"href":"https:\/\/lt15concordia.com.ar\/index.php\/wp-json\/wp\/v2\/comments?post=61502"}],"version-history":[{"count":2,"href":"https:\/\/lt15concordia.com.ar\/index.php\/wp-json\/wp\/v2\/posts\/61502\/revisions"}],"predecessor-version":[{"id":61504,"href":"https:\/\/lt15concordia.com.ar\/index.php\/wp-json\/wp\/v2\/posts\/61502\/revisions\/61504"}],"wp:featuredmedia":[{"embeddable":true,"href":"https:\/\/lt15concordia.com.ar\/index.php\/wp-json\/wp\/v2\/media\/61501"}],"wp:attachment":[{"href":"https:\/\/lt15concordia.com.ar\/index.php\/wp-json\/wp\/v2\/media?parent=61502"}],"wp:term":[{"taxonomy":"category","embeddable":true,"href":"https:\/\/lt15concordia.com.ar\/index.php\/wp-json\/wp\/v2\/categories?post=61502"},{"taxonomy":"post_tag","embeddable":true,"href":"https:\/\/lt15concordia.com.ar\/index.php\/wp-json\/wp\/v2\/tags?post=61502"}],"curies":[{"name":"wp","href":"https:\/\/api.w.org\/{rel}","templated":true}]}}