{"id":61498,"date":"2026-09-06T06:30:53","date_gmt":"2026-09-06T09:30:53","guid":{"rendered":"https:\/\/lt15concordia.com.ar\/?p=61498"},"modified":"2026-09-06T06:31:05","modified_gmt":"2026-09-06T09:31:05","slug":"cancer-infantil-32-mas-de-riesgo-en-el-sur-de-entre-rios-y-santa-fe","status":"publish","type":"post","link":"https:\/\/lt15concordia.com.ar\/index.php\/2026\/09\/06\/cancer-infantil-32-mas-de-riesgo-en-el-sur-de-entre-rios-y-santa-fe\/","title":{"rendered":"C\u00e1ncer infantil: 32% m\u00e1s de riesgo en el sur de Entre R\u00edos y Santa Fe"},"content":{"rendered":"<p>Los n\u00fameros no mienten, y estos duelen: un estudio detect\u00f3 un <strong>32% m\u00e1s de riesgo de mortalidad por c\u00e1ncer infantil<\/strong> en una franja territorial que abarca el <strong>departamento Victoria, en Entre R\u00edos<\/strong>, y los departamentos santafesinos de <strong>Belgrano, Caseros, Constituci\u00f3n, Iriondo, Rosario y San Lorenzo<\/strong>.<\/p>\n<p>La investigaci\u00f3n analiz\u00f3 el per\u00edodo <strong>2000-2019<\/strong> y permiti\u00f3 identificar lo que los especialistas denominan un <strong>\u00e1rea cr\u00edtica<\/strong>: una zona geogr\u00e1fica donde la mortalidad por tumores malignos en ni\u00f1os supera significativamente la media esperada. No es un dato menor ni un hallazgo aislado: son casi dos d\u00e9cadas de registros que apuntan al mismo territorio.<\/p>\n<p>El sur entrerriano, con <strong>Victoria<\/strong> como epicentro de la zona afectada en la provincia, queda as\u00ed bajo la lupa de la salud p\u00fablica. La confluencia con los departamentos del cord\u00f3n industrial y agroindustrial del sur santafesino \u2014donde se concentran actividades productivas de alta intensidad\u2014 abre preguntas que la ciencia deber\u00e1 responder con m\u00e1s investigaci\u00f3n y que el Estado no puede ignorar.<\/p>\n<p>\u00bfQu\u00e9 tienen en com\u00fan esos departamentos? La respuesta no est\u00e1 en el estudio tal como fue presentado, pero la pregunta ya est\u00e1 instalada en la agenda sanitaria. La identificaci\u00f3n de un <strong>cluster de riesgo<\/strong> es el primer paso; lo que sigue es determinar causas, factores ambientales, exposiciones y condiciones sociosanitarias que puedan explicar la concentraci\u00f3n de casos.<\/p>\n<p>Para Entre R\u00edos, el dato es especialmente sensible. El gobierno provincial y las autoridades sanitarias tienen ahora un mapa concreto sobre el cual actuar: <strong>Victoria<\/strong> no puede quedar fuera de cualquier pol\u00edtica de prevenci\u00f3n, diagn\u00f3stico temprano y acceso a tratamiento oncol\u00f3gico pedi\u00e1trico que se dise\u00f1e en los pr\u00f3ximos a\u00f1os. La evidencia cient\u00edfica ya marc\u00f3 el territorio; lo que reste depender\u00e1 de la voluntad pol\u00edtica y los recursos que se destinen.<\/p>\n<p><script type=\"application\/ld+json\">{\"@context\": \"https:\/\/schema.org\", \"@type\": \"NewsArticle\", \"headline\": \"C\u00e1ncer infantil: 32% m\u00e1s de riesgo en el sur de Entre R\u00edos y Santa Fe\", \"description\": \"Un estudio identific\u00f3 un \u00e1rea cr\u00edtica con mayor mortalidad por c\u00e1ncer infantil en el departamento Victoria y seis departamentos santafesinos, entre 2000 y 2019.\", \"datePublished\": \"2026-09-06T06:31:05-03:00\", \"dateModified\": \"2026-09-06T06:31:05-03:00\", \"inLanguage\": \"es-AR\", \"articleSection\": \"salud\", \"author\": {\"@type\": \"Organization\", \"name\": \"Redaccion LT15 Concordia\", \"url\": \"https:\/\/lt15concordia.com.ar\"}, \"publisher\": {\"@type\": \"Organization\", \"name\": \"LT15 Concordia\"}, \"mainEntityOfPage\": {\"@type\": \"WebPage\", \"@id\": \"https:\/\/lt15concordia.com.ar\/index.php\/2026\/09\/06\/cancer-infantil-32-mas-de-riesgo-en-el-sur-de-entre-rios-y-santa-fe\/\"}, \"image\": [\"https:\/\/elonce-media.elonce.com\/fotos\/2026\/05\/28\/m_1779985518_84720.webp\"]}<\/script><\/p>\n","protected":false},"excerpt":{"rendered":"<p>Un estudio identific\u00f3 un \u00e1rea cr\u00edtica con mayor mortalidad por c\u00e1ncer infantil en el departamento Victoria y seis departamentos santafesinos, entre 2000 y 2019.<\/p>\n","protected":false},"author":5,"featured_media":61497,"comment_status":"closed","ping_status":"closed","sticky":false,"template":"","format":"standard","meta":{"footnotes":""},"categories":[37],"tags":[4874,63,3932,2330,328,163],"_links":{"self":[{"href":"https:\/\/lt15concordia.com.ar\/index.php\/wp-json\/wp\/v2\/posts\/61498"}],"collection":[{"href":"https:\/\/lt15concordia.com.ar\/index.php\/wp-json\/wp\/v2\/posts"}],"about":[{"href":"https:\/\/lt15concordia.com.ar\/index.php\/wp-json\/wp\/v2\/types\/post"}],"author":[{"embeddable":true,"href":"https:\/\/lt15concordia.com.ar\/index.php\/wp-json\/wp\/v2\/users\/5"}],"replies":[{"embeddable":true,"href":"https:\/\/lt15concordia.com.ar\/index.php\/wp-json\/wp\/v2\/comments?post=61498"}],"version-history":[{"count":2,"href":"https:\/\/lt15concordia.com.ar\/index.php\/wp-json\/wp\/v2\/posts\/61498\/revisions"}],"predecessor-version":[{"id":61500,"href":"https:\/\/lt15concordia.com.ar\/index.php\/wp-json\/wp\/v2\/posts\/61498\/revisions\/61500"}],"wp:featuredmedia":[{"embeddable":true,"href":"https:\/\/lt15concordia.com.ar\/index.php\/wp-json\/wp\/v2\/media\/61497"}],"wp:attachment":[{"href":"https:\/\/lt15concordia.com.ar\/index.php\/wp-json\/wp\/v2\/media?parent=61498"}],"wp:term":[{"taxonomy":"category","embeddable":true,"href":"https:\/\/lt15concordia.com.ar\/index.php\/wp-json\/wp\/v2\/categories?post=61498"},{"taxonomy":"post_tag","embeddable":true,"href":"https:\/\/lt15concordia.com.ar\/index.php\/wp-json\/wp\/v2\/tags?post=61498"}],"curies":[{"name":"wp","href":"https:\/\/api.w.org\/{rel}","templated":true}]}}