{"id":61491,"date":"2026-09-05T22:31:02","date_gmt":"2026-09-06T01:31:02","guid":{"rendered":"https:\/\/lt15concordia.com.ar\/?p=61491"},"modified":"2026-09-05T22:31:13","modified_gmt":"2026-09-06T01:31:13","slug":"pami-en-concordia-la-advertencia-que-nadie-escucho-y-ahora-preocupa-a-todos","status":"publish","type":"post","link":"https:\/\/lt15concordia.com.ar\/index.php\/2026\/09\/05\/pami-en-concordia-la-advertencia-que-nadie-escucho-y-ahora-preocupa-a-todos\/","title":{"rendered":"PAMI en Concordia: la advertencia que nadie escuch\u00f3 y ahora preocupa a todos"},"content":{"rendered":"<p>Lo dijeron antes. Lo advirtieron, lo pusieron por escrito, lo llevaron al <strong>Concejo Deliberante<\/strong>. Y la respuesta fue el silencio o, peor, la incredulidad. Ahora, con los afiliados del <strong>PAMI<\/strong> derivados a los hospitales p\u00fablicos de <strong>Concordia<\/strong>, la realidad les est\u00e1 dando la raz\u00f3n de la peor manera posible.<\/p>\n<p><strong>P\u00e9rez<\/strong>, referente gremial del sector, fue claro: la derivaci\u00f3n masiva de jubilados al sistema p\u00fablico va a hacer que quienes ya concurr\u00edan habitualmente a los hospitales <strong>les cueste m\u00e1s conseguir un turno<\/strong>. No es una hip\u00f3tesis. Es lo que ya est\u00e1 pasando. El <strong>Hospital Heras<\/strong>, seg\u00fan explic\u00f3, pasar\u00e1 a funcionar con una l\u00f3gica de atenci\u00f3n primaria, similar a la de un centro de salud. Para eso habr\u00eda que reestructurar sectores. &#8220;Va a llevar tiempo&#8221;, reconoci\u00f3. &#8220;Hay que apurar los tr\u00e1mites&#8221;, agreg\u00f3, como si el tiempo fuera un lujo que los jubilados tienen.<\/p>\n<p>Los casos de mayor complejidad ser\u00edan derivados al <strong>Masvernat<\/strong>. Pero ah\u00ed tambi\u00e9n hay problemas. <strong>&#8220;En esa zona ya hab\u00eda dificultades para que atendieran a la gente. Agregar m\u00e1s al Masvernat es m\u00e1s complicado&#8221;<\/strong>, se\u00f1al\u00f3 P\u00e9rez. Y remat\u00f3 con un dato que no deber\u00eda pasar desapercibido: en este momento, el Masvernat <strong>no tiene gastroenter\u00f3logo<\/strong>. El que estaba, renunci\u00f3. Sin reemplazo.<\/p>\n<p>El panorama se completa con el <strong>Centro de Referencia Ram\u00f3n Carrillo<\/strong>, que hace a\u00f1os dej\u00f3 de ser hospital y funciona como un centro de salud m\u00e1s, sin capacidad para atender emergencias. Desde el <strong>PAMI<\/strong> lo mencionaron como una opci\u00f3n. Desde la Mesa de la <strong>Plaza 25 de Mayo<\/strong>, la respuesta fue directa: el Carrillo y el Constituci\u00f3n no tienen las condiciones para atender emergencias. Y P\u00e9rez aprovech\u00f3 para hacer una pregunta que incomoda: <strong>por qu\u00e9 Paran\u00e1 tiene hospital de Ni\u00f1os y Concordia no<\/strong>, a pesar del peso demogr\u00e1fico de los menores en la ciudad. El Carrillo tuvo esa capacidad. La perdi\u00f3.<\/p>\n<p><strong>Cabrera<\/strong>, otro referente de la Mesa, apunt\u00f3 a las contradicciones entre el discurso oficial del PAMI y la realidad de los afiliados. <strong>&#8220;Desde el PAMI pueden decir que van a ir al Masvernat y al Heras, pero una cosa es decirlo desde la oficina y otra es que realmente se atiendan, esperando tres o cuatro horas&#8221;<\/strong>, marc\u00f3. Y agreg\u00f3 que presentaron una nota en el Concejo para participar de una reuni\u00f3n. La respuesta: no saben cu\u00e1ndo ser\u00e1 ni si se va a hacer.<\/p>\n<p>Como si todo esto fuera poco, la derivaci\u00f3n ocurre en un momento en que <strong>no se cubren suplencias<\/strong> en sectores que las necesitan. &#8220;Tienen la metodolog\u00eda del ajuste y no cambian para nada&#8221;, dijo P\u00e9rez. Desde el PAMI tambi\u00e9n sugirieron que lo que los hospitales de Concordia no puedan resolver, se derive a <strong>Chajar\u00ed<\/strong>, o incluso a <strong>Concepci\u00f3n del Uruguay<\/strong>, <strong>Gualeguaych\u00fa<\/strong> o <strong>Santa Fe<\/strong>. La Mesa duda de la capacidad real de esos efectores para absorber la demanda.<\/p>\n<p>El <strong>Concejo Deliberante<\/strong> convocar\u00e1 a autoridades del <strong>Sanatorio Concordia<\/strong> y del <strong>PAMI<\/strong> para abordar la situaci\u00f3n. La pregunta que flota en el aire es si esa reuni\u00f3n servir\u00e1 para encontrar una salida real o simplemente para escuchar el protocolo de atenci\u00f3n vigente, ese esquema que, hasta ahora, no convence a nadie que est\u00e9 del lado de los jubilados.<\/p>\n<p><script type=\"application\/ld+json\">{\"@context\": \"https:\/\/schema.org\", \"@type\": \"NewsArticle\", \"headline\": \"PAMI en Concordia: la advertencia que nadie escuch\u00f3 y ahora preocupa a todos\", \"description\": \"Gremialistas y vecinos alertaron sobre el colapso que generar\u00eda derivar jubilados del PAMI a hospitales p\u00fablicos. Nadie los escuch\u00f3. Y pas\u00f3.\", \"datePublished\": \"2026-09-05T22:31:12-03:00\", \"dateModified\": \"2026-09-05T22:31:12-03:00\", \"inLanguage\": \"es-AR\", \"articleSection\": \"salud\", \"author\": {\"@type\": \"Organization\", \"name\": \"Redaccion LT15 Concordia\", \"url\": \"https:\/\/lt15concordia.com.ar\"}, \"publisher\": {\"@type\": \"Organization\", \"name\": \"LT15 Concordia\"}, \"mainEntityOfPage\": {\"@type\": \"WebPage\", \"@id\": \"https:\/\/lt15concordia.com.ar\/index.php\/2026\/09\/05\/pami-en-concordia-la-advertencia-que-nadie-escucho-y-ahora-preocupa-a-todos\/\"}, \"image\": [\"https:\/\/www.diariojunio.com.ar\/wp-content\/uploads\/2026\/09\/pami.jpg\"]}<\/script><\/p>\n","protected":false},"excerpt":{"rendered":"<p>Gremialistas y vecinos alertaron sobre el colapso que generar\u00eda derivar jubilados del PAMI a hospitales p\u00fablicos. Nadie los escuch\u00f3. Y pas\u00f3.<\/p>\n","protected":false},"author":5,"featured_media":61490,"comment_status":"closed","ping_status":"closed","sticky":false,"template":"","format":"standard","meta":{"footnotes":""},"categories":[30],"tags":[41,3734,131,119,289,2330],"_links":{"self":[{"href":"https:\/\/lt15concordia.com.ar\/index.php\/wp-json\/wp\/v2\/posts\/61491"}],"collection":[{"href":"https:\/\/lt15concordia.com.ar\/index.php\/wp-json\/wp\/v2\/posts"}],"about":[{"href":"https:\/\/lt15concordia.com.ar\/index.php\/wp-json\/wp\/v2\/types\/post"}],"author":[{"embeddable":true,"href":"https:\/\/lt15concordia.com.ar\/index.php\/wp-json\/wp\/v2\/users\/5"}],"replies":[{"embeddable":true,"href":"https:\/\/lt15concordia.com.ar\/index.php\/wp-json\/wp\/v2\/comments?post=61491"}],"version-history":[{"count":2,"href":"https:\/\/lt15concordia.com.ar\/index.php\/wp-json\/wp\/v2\/posts\/61491\/revisions"}],"predecessor-version":[{"id":61493,"href":"https:\/\/lt15concordia.com.ar\/index.php\/wp-json\/wp\/v2\/posts\/61491\/revisions\/61493"}],"wp:featuredmedia":[{"embeddable":true,"href":"https:\/\/lt15concordia.com.ar\/index.php\/wp-json\/wp\/v2\/media\/61490"}],"wp:attachment":[{"href":"https:\/\/lt15concordia.com.ar\/index.php\/wp-json\/wp\/v2\/media?parent=61491"}],"wp:term":[{"taxonomy":"category","embeddable":true,"href":"https:\/\/lt15concordia.com.ar\/index.php\/wp-json\/wp\/v2\/categories?post=61491"},{"taxonomy":"post_tag","embeddable":true,"href":"https:\/\/lt15concordia.com.ar\/index.php\/wp-json\/wp\/v2\/tags?post=61491"}],"curies":[{"name":"wp","href":"https:\/\/api.w.org\/{rel}","templated":true}]}}