{"id":61487,"date":"2026-09-05T21:33:52","date_gmt":"2026-09-06T00:33:52","guid":{"rendered":"https:\/\/lt15concordia.com.ar\/?p=61487"},"modified":"2026-09-05T21:34:03","modified_gmt":"2026-09-06T00:34:03","slug":"cada-vez-menos-bebes-la-caida-historica-de-nacimientos-en-argentina","status":"publish","type":"post","link":"https:\/\/lt15concordia.com.ar\/index.php\/2026\/09\/05\/cada-vez-menos-bebes-la-caida-historica-de-nacimientos-en-argentina\/","title":{"rendered":"Cada vez menos beb\u00e9s: la ca\u00edda hist\u00f3rica de nacimientos en Argentina"},"content":{"rendered":"<p>El n\u00famero habla solo y es dif\u00edcil de ignorar: en <strong>diez a\u00f1os<\/strong>, los nacimientos en <strong>Argentina<\/strong> se redujeron un <strong>47%<\/strong>, y la tasa de fecundidad toc\u00f3 el piso m\u00e1s bajo que se haya registrado en la historia del pa\u00eds. No es una tendencia pasajera ni un rebote estad\u00edstico. Es un cambio estructural que viene aceler\u00e1ndose y que un estudio de <strong>UNICEF<\/strong> se encarg\u00f3 de analizar en profundidad.<\/p>\n<p>\u00bfQu\u00e9 est\u00e1 pasando? La respuesta, seg\u00fan los especialistas que participaron del informe, no tiene una sola causa sino una combinaci\u00f3n de <strong>factores econ\u00f3micos, culturales y sociales<\/strong> que se retroalimentan. La inestabilidad econ\u00f3mica cr\u00f3nica que atraviesa el pa\u00eds desde hace a\u00f1os pesa fuerte: tener un hijo implica una inversi\u00f3n enorme en tiempo, dinero y energ\u00eda, y muchas parejas \u2014y personas que eligen la maternidad o paternidad en solitario\u2014 simplemente no ven las condiciones dadas para dar ese paso.<\/p>\n<p>Pero la econom\u00eda no lo explica todo. El cambio cultural es igual de determinante. Las nuevas generaciones tienen proyectos de vida que no necesariamente incluyen la crianza como eje central, o que la postergan cada vez m\u00e1s. El acceso a m\u00e9todos anticonceptivos, la mayor participaci\u00f3n de las mujeres en el mercado laboral y la educaci\u00f3n, y la redefinici\u00f3n de los modelos de familia tradicionales tambi\u00e9n inciden directamente en la decisi\u00f3n de tener \u2014o no tener\u2014 hijos.<\/p>\n<p>A esto se suma la dimensi\u00f3n social: la falta de infraestructura de cuidado, la ausencia de pol\u00edticas p\u00fablicas robustas de conciliaci\u00f3n entre trabajo y familia, y la carga desproporcionada que sigue recayendo sobre las mujeres en la crianza son barreras concretas que desincentivan la maternidad. No alcanza con querer: las condiciones tienen que acompa\u00f1ar.<\/p>\n<p>El dato del <strong>47% de reducci\u00f3n en una d\u00e9cada<\/strong> es, en t\u00e9rminos demogr\u00e1ficos, una se\u00f1al de alarma. Las consecuencias de una poblaci\u00f3n que envejece sin renovarse se sienten en el mediano y largo plazo: mayor presi\u00f3n sobre los sistemas de salud y previsional, achicamiento de la fuerza laboral activa y transformaciones profundas en la estructura social del pa\u00eds. No es un problema del futuro lejano: ya est\u00e1 en marcha.<\/p>\n<p>El informe de <strong>UNICEF<\/strong> no propone soluciones m\u00e1gicas, pero s\u00ed deja en claro que entender el fen\u00f3meno es el primer paso. Ignorarlo o reducirlo a un solo factor \u2014sea la econom\u00eda, el feminismo o la tecnolog\u00eda\u2014 es perder de vista la complejidad de un proceso que est\u00e1 redefiniendo, silenciosamente, c\u00f3mo ser\u00e1 la <strong>Argentina<\/strong> de las pr\u00f3ximas d\u00e9cadas.<\/p>\n<p><script type=\"application\/ld+json\">{\"@context\": \"https:\/\/schema.org\", \"@type\": \"NewsArticle\", \"headline\": \"Cada vez menos beb\u00e9s: la ca\u00edda hist\u00f3rica de nacimientos en Argentina\", \"description\": \"En una d\u00e9cada, los nacimientos cayeron un 47% y la fecundidad lleg\u00f3 a su nivel m\u00e1s bajo. Econom\u00eda, cultura y sociedad explican el fen\u00f3meno.\", \"datePublished\": \"2026-09-05T21:34:02-03:00\", \"dateModified\": \"2026-09-05T21:34:02-03:00\", \"inLanguage\": \"es-AR\", \"articleSection\": \"sociedad\", \"author\": {\"@type\": \"Organization\", \"name\": \"Redaccion LT15 Concordia\", \"url\": \"https:\/\/lt15concordia.com.ar\"}, \"publisher\": {\"@type\": \"Organization\", \"name\": \"LT15 Concordia\"}, \"mainEntityOfPage\": {\"@type\": \"WebPage\", \"@id\": \"https:\/\/lt15concordia.com.ar\/index.php\/2026\/09\/05\/cada-vez-menos-bebes-la-caida-historica-de-nacimientos-en-argentina\/\"}, \"image\": [\"https:\/\/elonce-media.elonce.com\/fotos\/2026\/04\/11\/m_1775921700_39402.webp\"]}<\/script><\/p>\n","protected":false},"excerpt":{"rendered":"<p>En una d\u00e9cada, los nacimientos cayeron un 47% y la fecundidad lleg\u00f3 a su nivel m\u00e1s bajo. Econom\u00eda, cultura y sociedad explican el fen\u00f3meno.<\/p>\n","protected":false},"author":5,"featured_media":61486,"comment_status":"closed","ping_status":"closed","sticky":false,"template":"","format":"standard","meta":{"footnotes":""},"categories":[89],"tags":[130,4631,4872,1703,4629,1690],"_links":{"self":[{"href":"https:\/\/lt15concordia.com.ar\/index.php\/wp-json\/wp\/v2\/posts\/61487"}],"collection":[{"href":"https:\/\/lt15concordia.com.ar\/index.php\/wp-json\/wp\/v2\/posts"}],"about":[{"href":"https:\/\/lt15concordia.com.ar\/index.php\/wp-json\/wp\/v2\/types\/post"}],"author":[{"embeddable":true,"href":"https:\/\/lt15concordia.com.ar\/index.php\/wp-json\/wp\/v2\/users\/5"}],"replies":[{"embeddable":true,"href":"https:\/\/lt15concordia.com.ar\/index.php\/wp-json\/wp\/v2\/comments?post=61487"}],"version-history":[{"count":2,"href":"https:\/\/lt15concordia.com.ar\/index.php\/wp-json\/wp\/v2\/posts\/61487\/revisions"}],"predecessor-version":[{"id":61489,"href":"https:\/\/lt15concordia.com.ar\/index.php\/wp-json\/wp\/v2\/posts\/61487\/revisions\/61489"}],"wp:featuredmedia":[{"embeddable":true,"href":"https:\/\/lt15concordia.com.ar\/index.php\/wp-json\/wp\/v2\/media\/61486"}],"wp:attachment":[{"href":"https:\/\/lt15concordia.com.ar\/index.php\/wp-json\/wp\/v2\/media?parent=61487"}],"wp:term":[{"taxonomy":"category","embeddable":true,"href":"https:\/\/lt15concordia.com.ar\/index.php\/wp-json\/wp\/v2\/categories?post=61487"},{"taxonomy":"post_tag","embeddable":true,"href":"https:\/\/lt15concordia.com.ar\/index.php\/wp-json\/wp\/v2\/tags?post=61487"}],"curies":[{"name":"wp","href":"https:\/\/api.w.org\/{rel}","templated":true}]}}