{"id":61479,"date":"2026-09-05T20:31:43","date_gmt":"2026-09-05T23:31:43","guid":{"rendered":"https:\/\/lt15concordia.com.ar\/?p=61479"},"modified":"2026-09-05T20:31:54","modified_gmt":"2026-09-05T23:31:54","slug":"frigerio-visito-a-victor-velazquez-maestro-mayor-de-la-musica-entrerriana","status":"publish","type":"post","link":"https:\/\/lt15concordia.com.ar\/index.php\/2026\/09\/05\/frigerio-visito-a-victor-velazquez-maestro-mayor-de-la-musica-entrerriana\/","title":{"rendered":"Frigerio visit\u00f3 a V\u00edctor Vel\u00e1zquez, maestro mayor de la m\u00fasica entrerriana"},"content":{"rendered":"<p>Hay visitas protocolares y hay visitas que tienen peso propio. La que hizo <strong>Rogelio Frigerio<\/strong>, gobernador de Entre R\u00edos, a <strong>V\u00edctor Vel\u00e1zquez<\/strong> entra en la segunda categor\u00eda. Un encuentro entre el m\u00e1ximo representante pol\u00edtico de la provincia y uno de sus mayores tesoros culturales vivos.<\/p>\n<p>Vel\u00e1zquez naci\u00f3 el <strong>4 de junio de 1931<\/strong> en <strong>Abra El Chaj\u00e1, Altamirano Norte, departamento Tala<\/strong>. Desde muy joven encontr\u00f3 en la guitarra, el canto y la poes\u00eda una forma de expresar el paisaje, las costumbres y las historias de su tierra. Lo que vino despu\u00e9s fue m\u00e1s de <strong>seis d\u00e9cadas de trayectoria<\/strong> que lo llevaron a los principales escenarios de Argentina y del exterior: Am\u00e9rica, Europa y Asia lo escucharon. El <strong>Festival Nacional de Folklore de Cosqu\u00edn<\/strong> lo recibi\u00f3 en numerosas ediciones.<\/p>\n<p>Su camino art\u00edstico estuvo marcado por la amistad y el trabajo compartido con <strong>Atahualpa Yupanqui<\/strong>, uno de los mayores referentes de la m\u00fasica popular argentina, con quien compuso parte de su obra. Tambi\u00e9n cre\u00f3 canciones junto al entrerriano <strong>Jorge M\u00e9ndez<\/strong> y otros destacados autores.<\/p>\n<p>Dentro de su extensa producci\u00f3n, <strong>La Primavera<\/strong> ocupa un lugar singular. Considerada su obra cumbre, esta milonga instrumental trascendi\u00f3 las fronteras del folclore regional y se convirti\u00f3 en referencia para generaciones de guitarristas. Su originalidad y la particular manera de recrear con las cuerdas los sonidos del paisaje \u2014entre ellos, el caracter\u00edstico canto del tero\u2014 hicieron de la pieza una de las m\u00e1s reconocidas del repertorio instrumental argentino. Tiene registradas <strong>m\u00e1s de 80 composiciones<\/strong>, entre ellas <em>Me dicen el Panza Verde<\/em>, <em>Gualeguay crecido<\/em>, <em>A don Linares Cardozo<\/em> y <em>Este oficio de cantor<\/em>. En <strong>2020<\/strong>, a los <strong>88 a\u00f1os<\/strong>, recibi\u00f3 el <strong>Premio Cam\u00edn a la Trayectoria<\/strong>, m\u00e1xima distinci\u00f3n del Festival de Cosqu\u00edn.<\/p>\n<p>La visita de Frigerio se produjo en el marco de la reciente promulgaci\u00f3n de la <strong>Ley N\u00b0 11.294<\/strong>, que instituy\u00f3 el <strong>4 de junio<\/strong> \u2014d\u00eda del nacimiento de Vel\u00e1zquez\u2014 como <strong>D\u00eda de la Milonga Entrerriana<\/strong>. Una decisi\u00f3n legislativa que convierte en fecha oficial lo que la gente ya sab\u00eda desde hace d\u00e9cadas: que ese hombre y ese g\u00e9nero son parte del alma de la provincia.<\/p>\n<p>\u00ab<strong>V\u00edctor representa como pocos el alma de Entre R\u00edos<\/strong>. En su voz, en su guitarra y en sus canciones est\u00e1n nuestros paisajes, nuestra gente y nuestra manera de sentir. Visitarlo, escucharlo y compartir este momento con \u00e9l fue una enorme alegr\u00eda\u00bb, expres\u00f3 el gobernador durante el encuentro.<\/p>\n<p>El reconocimiento llega tarde en t\u00e9rminos institucionales \u2014como casi siempre ocurre con los grandes\u2014 pero llega. La voz, la guitarra y la obra de <strong>V\u00edctor Vel\u00e1zquez<\/strong> forman parte del patrimonio cultural de Entre R\u00edos y de la historia de la m\u00fasica popular argentina. Eso ya no lo discute nadie.<\/p>\n<p><script type=\"application\/ld+json\">{\"@context\": \"https:\/\/schema.org\", \"@type\": \"NewsArticle\", \"headline\": \"Frigerio visit\u00f3 a V\u00edctor Vel\u00e1zquez, maestro mayor de la m\u00fasica entrerriana\", \"description\": \"El gobernador comparti\u00f3 un encuentro con el m\u00fasico de 95 a\u00f1os, referente del folclore argentino, tras la promulgaci\u00f3n de la Ley que instituy\u00f3 el D\u00eda de la Milonga Entrerriana.\", \"datePublished\": \"2026-09-05T20:31:53-03:00\", \"dateModified\": \"2026-09-05T20:31:53-03:00\", \"inLanguage\": \"es-AR\", \"articleSection\": \"cultura\", \"author\": {\"@type\": \"Organization\", \"name\": \"Redaccion LT15 Concordia\", \"url\": \"https:\/\/lt15concordia.com.ar\"}, \"publisher\": {\"@type\": \"Organization\", \"name\": \"LT15 Concordia\"}, \"mainEntityOfPage\": {\"@type\": \"WebPage\", \"@id\": \"https:\/\/lt15concordia.com.ar\/index.php\/2026\/09\/05\/frigerio-visito-a-victor-velazquez-maestro-mayor-de-la-musica-entrerriana\/\"}, \"image\": [\"https:\/\/www.diariojunio.com.ar\/wp-content\/uploads\/2026\/09\/frigerio-victor-velazquez.jpg\"]}<\/script><\/p>\n","protected":false},"excerpt":{"rendered":"<p>El gobernador comparti\u00f3 un encuentro con el m\u00fasico de 95 a\u00f1os, referente del folclore argentino, tras la promulgaci\u00f3n de la Ley que instituy\u00f3 el D\u00eda de la Milonga Entrerriana.<\/p>\n","protected":false},"author":5,"featured_media":61478,"comment_status":"closed","ping_status":"closed","sticky":false,"template":"","format":"standard","meta":{"footnotes":""},"categories":[37],"tags":[63,2674,837,4871,2675,4870],"_links":{"self":[{"href":"https:\/\/lt15concordia.com.ar\/index.php\/wp-json\/wp\/v2\/posts\/61479"}],"collection":[{"href":"https:\/\/lt15concordia.com.ar\/index.php\/wp-json\/wp\/v2\/posts"}],"about":[{"href":"https:\/\/lt15concordia.com.ar\/index.php\/wp-json\/wp\/v2\/types\/post"}],"author":[{"embeddable":true,"href":"https:\/\/lt15concordia.com.ar\/index.php\/wp-json\/wp\/v2\/users\/5"}],"replies":[{"embeddable":true,"href":"https:\/\/lt15concordia.com.ar\/index.php\/wp-json\/wp\/v2\/comments?post=61479"}],"version-history":[{"count":2,"href":"https:\/\/lt15concordia.com.ar\/index.php\/wp-json\/wp\/v2\/posts\/61479\/revisions"}],"predecessor-version":[{"id":61481,"href":"https:\/\/lt15concordia.com.ar\/index.php\/wp-json\/wp\/v2\/posts\/61479\/revisions\/61481"}],"wp:featuredmedia":[{"embeddable":true,"href":"https:\/\/lt15concordia.com.ar\/index.php\/wp-json\/wp\/v2\/media\/61478"}],"wp:attachment":[{"href":"https:\/\/lt15concordia.com.ar\/index.php\/wp-json\/wp\/v2\/media?parent=61479"}],"wp:term":[{"taxonomy":"category","embeddable":true,"href":"https:\/\/lt15concordia.com.ar\/index.php\/wp-json\/wp\/v2\/categories?post=61479"},{"taxonomy":"post_tag","embeddable":true,"href":"https:\/\/lt15concordia.com.ar\/index.php\/wp-json\/wp\/v2\/tags?post=61479"}],"curies":[{"name":"wp","href":"https:\/\/api.w.org\/{rel}","templated":true}]}}