{"id":61475,"date":"2026-09-05T20:30:49","date_gmt":"2026-09-05T23:30:49","guid":{"rendered":"https:\/\/lt15concordia.com.ar\/?p=61475"},"modified":"2026-09-05T20:31:00","modified_gmt":"2026-09-05T23:31:00","slug":"60-dias-de-preventiva-para-el-acusado-del-femicidio-de-paola-rigoni-en-concordia","status":"publish","type":"post","link":"https:\/\/lt15concordia.com.ar\/index.php\/2026\/09\/05\/60-dias-de-preventiva-para-el-acusado-del-femicidio-de-paola-rigoni-en-concordia\/","title":{"rendered":"60 d\u00edas de preventiva para el acusado del femicidio de Paola Rigoni en Concordia"},"content":{"rendered":"<p>La Justicia concordiense dio un paso firme. El <strong>juez de Garant\u00edas Mauricio Guerrero<\/strong> hizo lugar al pedido de la Fiscal\u00eda y orden\u00f3 que <strong>Leandro Jos\u00e9 Sigwardt<\/strong> permanezca detenido durante los pr\u00f3ximos <strong>60 d\u00edas<\/strong> mientras avanza la investigaci\u00f3n por el femicidio de <strong>Paola Mercedes Rigoni<\/strong>.<\/p>\n<p>La prisi\u00f3n preventiva es la herramienta que tiene la Justicia para garantizar que el imputado no obstaculice la pesquisa ni se fugue antes de que el caso llegue a juicio. En casos de femicidio, donde la violencia de g\u00e9nero es el eje central, su aplicaci\u00f3n es casi ineludible: el riesgo de entorpecimiento y la gravedad del hecho lo justifican sin margen de duda.<\/p>\n<p>Con la resoluci\u00f3n del magistrado, <strong>Sigwardt qued\u00f3 formalmente privado de su libertad<\/strong> por al menos dos meses, tiempo en el que los investigadores deber\u00e1n consolidar el expediente y avanzar hacia una acusaci\u00f3n formal. La Fiscal\u00eda, que impuls\u00f3 el pedido, logr\u00f3 as\u00ed asegurar que el proceso contin\u00fae con el imputado bajo custodia del Estado.<\/p>\n<p>El femicidio de <strong>Paola Rigoni<\/strong> sacudi\u00f3 a <strong>Concordia<\/strong> y volvi\u00f3 a poner sobre la mesa la urgencia de respuestas concretas ante la violencia machista. Cada caso que llega a los tribunales es, al mismo tiempo, una tragedia que ya no pudo evitarse y una prueba de fuego para el sistema judicial. La preventiva dictada este s\u00e1bado es solo el primer escal\u00f3n de un proceso que deber\u00e1 responder con la m\u00e1xima severidad que la ley permite.<\/p>\n<p><script type=\"application\/ld+json\">{\"@context\": \"https:\/\/schema.org\", \"@type\": \"NewsArticle\", \"headline\": \"60 d\u00edas de preventiva para el acusado del femicidio de Paola Rigoni en Concordia\", \"description\": \"El juez Mauricio Guerrero orden\u00f3 la prisi\u00f3n preventiva de Leandro Sigwardt por 60 d\u00edas mientras avanza la investigaci\u00f3n por el femicidio de Paola Mercedes Rigoni.\", \"datePublished\": \"2026-09-05T20:31:00-03:00\", \"dateModified\": \"2026-09-05T20:31:00-03:00\", \"inLanguage\": \"es-AR\", \"articleSection\": \"seguridad\", \"author\": {\"@type\": \"Organization\", \"name\": \"Redaccion LT15 Concordia\", \"url\": \"https:\/\/lt15concordia.com.ar\"}, \"publisher\": {\"@type\": \"Organization\", \"name\": \"LT15 Concordia\"}, \"mainEntityOfPage\": {\"@type\": \"WebPage\", \"@id\": \"https:\/\/lt15concordia.com.ar\/index.php\/2026\/09\/05\/60-dias-de-preventiva-para-el-acusado-del-femicidio-de-paola-rigoni-en-concordia\/\"}, \"image\": [\"https:\/\/elonce-media.elonce.com\/fotos\/2026\/09\/02\/m_1788353276_53642.webp\"]}<\/script><\/p>\n","protected":false},"excerpt":{"rendered":"<p>El juez Mauricio Guerrero orden\u00f3 la prisi\u00f3n preventiva de Leandro Sigwardt por 60 d\u00edas mientras avanza la investigaci\u00f3n por el femicidio de Paola Mercedes Rigoni.<\/p>\n","protected":false},"author":5,"featured_media":61474,"comment_status":"closed","ping_status":"closed","sticky":false,"template":"","format":"standard","meta":{"footnotes":""},"categories":[30,33],"tags":[41,211,2205,1826,258],"_links":{"self":[{"href":"https:\/\/lt15concordia.com.ar\/index.php\/wp-json\/wp\/v2\/posts\/61475"}],"collection":[{"href":"https:\/\/lt15concordia.com.ar\/index.php\/wp-json\/wp\/v2\/posts"}],"about":[{"href":"https:\/\/lt15concordia.com.ar\/index.php\/wp-json\/wp\/v2\/types\/post"}],"author":[{"embeddable":true,"href":"https:\/\/lt15concordia.com.ar\/index.php\/wp-json\/wp\/v2\/users\/5"}],"replies":[{"embeddable":true,"href":"https:\/\/lt15concordia.com.ar\/index.php\/wp-json\/wp\/v2\/comments?post=61475"}],"version-history":[{"count":2,"href":"https:\/\/lt15concordia.com.ar\/index.php\/wp-json\/wp\/v2\/posts\/61475\/revisions"}],"predecessor-version":[{"id":61477,"href":"https:\/\/lt15concordia.com.ar\/index.php\/wp-json\/wp\/v2\/posts\/61475\/revisions\/61477"}],"wp:featuredmedia":[{"embeddable":true,"href":"https:\/\/lt15concordia.com.ar\/index.php\/wp-json\/wp\/v2\/media\/61474"}],"wp:attachment":[{"href":"https:\/\/lt15concordia.com.ar\/index.php\/wp-json\/wp\/v2\/media?parent=61475"}],"wp:term":[{"taxonomy":"category","embeddable":true,"href":"https:\/\/lt15concordia.com.ar\/index.php\/wp-json\/wp\/v2\/categories?post=61475"},{"taxonomy":"post_tag","embeddable":true,"href":"https:\/\/lt15concordia.com.ar\/index.php\/wp-json\/wp\/v2\/tags?post=61475"}],"curies":[{"name":"wp","href":"https:\/\/api.w.org\/{rel}","templated":true}]}}