{"id":61429,"date":"2026-09-05T15:31:50","date_gmt":"2026-09-05T18:31:50","guid":{"rendered":"https:\/\/lt15concordia.com.ar\/?p=61429"},"modified":"2026-09-05T15:32:01","modified_gmt":"2026-09-05T18:32:01","slug":"velez-impugno-a-boca-ante-afa-por-seis-extranjeros-en-la-copa-argentina","status":"publish","type":"post","link":"https:\/\/lt15concordia.com.ar\/index.php\/2026\/09\/05\/velez-impugno-a-boca-ante-afa-por-seis-extranjeros-en-la-copa-argentina\/","title":{"rendered":"V\u00e9lez impugn\u00f3 a Boca ante AFA por seis extranjeros en la Copa Argentina"},"content":{"rendered":"<p>La pol\u00e9mica no tard\u00f3 en llegar a los escritorios. <strong>V\u00e9lez S\u00e1rsfield<\/strong> present\u00f3 formalmente ante el <strong>Tribunal de Disciplina de la AFA<\/strong> una protesta e impugnaci\u00f3n del partido que lo enfrent\u00f3 a <strong>Boca Juniors<\/strong> en los octavos de final de la <strong>Copa Argentina<\/strong>, denunciando una alineaci\u00f3n indebida por parte del Xeneize. El Fort\u00edn pide que le otorguen la clasificaci\u00f3n a cuartos de final y que se suspendan los efectos deportivos del triunfo xeneize.<\/p>\n<p>El argumento de <strong>Liniers<\/strong> es concreto y documentado: <em>&#8220;Boca Juniors incluy\u00f3 en la planilla oficial del encuentro a seis futbolistas extranjeros cuando la normativa vigente establece un m\u00e1ximo de cinco habilitados para integrarla&#8221;<\/em>. La evidencia, seg\u00fan el club, surge de la propia planilla oficial y de los registros del <strong>sistema COMET de la AFA<\/strong>.<\/p>\n<p>El detalle t\u00e9cnico es el coraz\u00f3n del debate. En la planilla del partido dirigido por el <strong>Vasco Arruabarrena<\/strong> figuraron como titulares extranjeros <strong>\u00c1lvaro Montero<\/strong> (Colombia), <strong>Leandro Lozano<\/strong> (Uruguay) y <strong>Sebasti\u00e1n Villa<\/strong> (Colombia). En el banco aparecieron <strong>Carlos Palacios<\/strong> (Chile), <strong>\u00c1ngel Romero<\/strong> (Paraguay) y <strong>Enner Valencia<\/strong> (Ecuador). Eso suma seis. Quedan fuera del conteo <strong>Miguel Merentiel<\/strong> y <strong>Williams Alarc\u00f3n<\/strong>, ambos con nacionalidad argentina reconocida.<\/p>\n<p>La defensa de <strong>Boca<\/strong> es que <strong>Romero<\/strong> nunca pis\u00f3 el campo de juego: el Xeneize utiliz\u00f3 efectivamente cinco extranjeros y no obtuvo ninguna ventaja deportiva. Pero ah\u00ed est\u00e1 el nudo: el reglamento no limita cu\u00e1ntos extranjeros pueden entrar a la cancha, sino cu\u00e1ntos pueden <strong>firmar la planilla<\/strong>. Si la norma dice cinco y firmaron seis, la infracci\u00f3n estar\u00eda consumada independientemente de los minutos jugados.<\/p>\n<p>El caso cay\u00f3 adem\u00e1s en un contexto de alta tensi\u00f3n institucional, con el v\u00ednculo entre <strong>Claudio Tapia<\/strong> y <strong>Juan Rom\u00e1n Riquelme<\/strong> bajo la lupa de m\u00e1s de un sector del f\u00fatbol argentino. Ahora es el <strong>Tribunal de Disciplina<\/strong> quien tiene la palabra: su resoluci\u00f3n definir\u00e1 si Boca avanza a cuartos de final o si V\u00e9lez logra dar vuelta un resultado que, en la cancha, se cerr\u00f3 en los penales.<\/p>\n<p><script type=\"application\/ld+json\">{\"@context\": \"https:\/\/schema.org\", \"@type\": \"NewsArticle\", \"headline\": \"V\u00e9lez impugn\u00f3 a Boca ante AFA por seis extranjeros en la Copa Argentina\", \"description\": \"El Fort\u00edn present\u00f3 una protesta formal ante el Tribunal de Disciplina de la AFA por una presunta alineaci\u00f3n indebida de Boca en octavos de final.\", \"datePublished\": \"2026-09-05T15:32:01-03:00\", \"dateModified\": \"2026-09-05T15:32:01-03:00\", \"inLanguage\": \"es-AR\", \"articleSection\": \"deportes\", \"author\": {\"@type\": \"Organization\", \"name\": \"Redaccion LT15 Concordia\", \"url\": \"https:\/\/lt15concordia.com.ar\"}, \"publisher\": {\"@type\": \"Organization\", \"name\": \"LT15 Concordia\"}, \"mainEntityOfPage\": {\"@type\": \"WebPage\", \"@id\": \"https:\/\/lt15concordia.com.ar\/index.php\/2026\/09\/05\/velez-impugno-a-boca-ante-afa-por-seis-extranjeros-en-la-copa-argentina\/\"}, \"image\": [\"https:\/\/elonce-media.elonce.com\/fotos\/2026\/09\/05\/m_1788631641_64129.webp\"]}<\/script><\/p>\n","protected":false},"excerpt":{"rendered":"<p>El Fort\u00edn present\u00f3 una protesta formal ante el Tribunal de Disciplina de la AFA por una presunta alineaci\u00f3n indebida de Boca en octavos de final.<\/p>\n","protected":false},"author":5,"featured_media":61428,"comment_status":"closed","ping_status":"closed","sticky":false,"template":"","format":"standard","meta":{"footnotes":""},"categories":[34,89],"tags":[1543,4130,2742,2645,4850,3694],"_links":{"self":[{"href":"https:\/\/lt15concordia.com.ar\/index.php\/wp-json\/wp\/v2\/posts\/61429"}],"collection":[{"href":"https:\/\/lt15concordia.com.ar\/index.php\/wp-json\/wp\/v2\/posts"}],"about":[{"href":"https:\/\/lt15concordia.com.ar\/index.php\/wp-json\/wp\/v2\/types\/post"}],"author":[{"embeddable":true,"href":"https:\/\/lt15concordia.com.ar\/index.php\/wp-json\/wp\/v2\/users\/5"}],"replies":[{"embeddable":true,"href":"https:\/\/lt15concordia.com.ar\/index.php\/wp-json\/wp\/v2\/comments?post=61429"}],"version-history":[{"count":2,"href":"https:\/\/lt15concordia.com.ar\/index.php\/wp-json\/wp\/v2\/posts\/61429\/revisions"}],"predecessor-version":[{"id":61431,"href":"https:\/\/lt15concordia.com.ar\/index.php\/wp-json\/wp\/v2\/posts\/61429\/revisions\/61431"}],"wp:featuredmedia":[{"embeddable":true,"href":"https:\/\/lt15concordia.com.ar\/index.php\/wp-json\/wp\/v2\/media\/61428"}],"wp:attachment":[{"href":"https:\/\/lt15concordia.com.ar\/index.php\/wp-json\/wp\/v2\/media?parent=61429"}],"wp:term":[{"taxonomy":"category","embeddable":true,"href":"https:\/\/lt15concordia.com.ar\/index.php\/wp-json\/wp\/v2\/categories?post=61429"},{"taxonomy":"post_tag","embeddable":true,"href":"https:\/\/lt15concordia.com.ar\/index.php\/wp-json\/wp\/v2\/tags?post=61429"}],"curies":[{"name":"wp","href":"https:\/\/api.w.org\/{rel}","templated":true}]}}