{"id":61417,"date":"2026-09-05T13:32:37","date_gmt":"2026-09-05T16:32:37","guid":{"rendered":"https:\/\/lt15concordia.com.ar\/?p=61417"},"modified":"2026-09-05T13:32:48","modified_gmt":"2026-09-05T16:32:48","slug":"urribarri-condenado-13-anos-despues-la-corte-cerro-el-caso","status":"publish","type":"post","link":"https:\/\/lt15concordia.com.ar\/index.php\/2026\/09\/05\/urribarri-condenado-13-anos-despues-la-corte-cerro-el-caso\/","title":{"rendered":"Urribarri condenado: 13 a\u00f1os despu\u00e9s, la Corte cerr\u00f3 el caso"},"content":{"rendered":"<p>Trece a\u00f1os. Ese fue el tiempo que tard\u00f3 la Justicia en cerrar el c\u00edrculo. La <strong>Corte Suprema de Justicia de la Naci\u00f3n<\/strong> dej\u00f3 firme la condena contra el <strong>exgobernador Sergio Urribarri<\/strong>: <strong>ocho a\u00f1os de prisi\u00f3n efectiva<\/strong> e inhabilitaci\u00f3n absoluta perpetua para ejercer cargos p\u00fablicos, por los delitos de <strong>peculado y negociaciones incompatibles con la funci\u00f3n p\u00fablica<\/strong>. No es una acusaci\u00f3n pol\u00edtica. Es una sentencia, con proceso completo y derecho de defensa ejercido.<\/p>\n<p>La historia arranca en <strong>mayo de 2013<\/strong>, cuando Urribarri transitaba uno de los picos de mayor concentraci\u00f3n de poder de sus dos gobernaciones en <strong>Entre R\u00edos<\/strong>. En ese contexto, el <strong>Comit\u00e9 Provincial de la UCR<\/strong>, bajo la presidencia de <strong>D&#8217;Agostino<\/strong>, present\u00f3 la primera denuncia por negociaciones incompatibles. El blanco: contrataciones de publicidad oficial, adjudicaciones directas, mecanismos de excepci\u00f3n y ausencia de cotejo de precios. No era un momento c\u00f3modo para denunciar. Era, exactamente, el momento en que hacerlo ten\u00eda costos reales.<\/p>\n<p>Uno de los hechos denunciados en aquel momento fue la contrataci\u00f3n de <strong>Global Means<\/strong>, una empresa que recibi\u00f3 una orden de publicidad del Estado provincial antes de estar legalmente constituida. Ese episodio se convirti\u00f3 en la <strong>causa N\u00ba 6.399<\/strong> y termin\u00f3 siendo uno de los <strong>cinco hechos<\/strong> por los cuales Urribarri fue condenado. Un detalle que no es menor: la denuncia original anticip\u00f3 con precisi\u00f3n lo que la Justicia tard\u00f3 m\u00e1s de una d\u00e9cada en confirmar.<\/p>\n<p>La UCR, en su comunicado, fue clara en un punto que merece subrayarse: no celebra el encarcelamiento de una persona, pero s\u00ed reivindica que <strong>nadie est\u00e9 por encima de la ley<\/strong> y que los recursos p\u00fablicos no pueden usarse para beneficiar intereses particulares, familiares o electorales. La distinci\u00f3n importa. No es revanchismo; es institucionalidad.<\/p>\n<p>El fallo llega con una pregunta impl\u00edcita que flota sobre la pol\u00edtica entrerriana: \u00bfqu\u00e9 hacen con esto quienes tuvieron responsabilidades durante aquella gesti\u00f3n y todav\u00eda guardan silencio? La sentencia firme de la Corte no solo cierra un expediente. Interpela a partidos, sindicatos, organizaciones empresariales, universidades y al periodismo. La condena es individual, pero la reflexi\u00f3n que convoca es colectiva. Trece a\u00f1os despu\u00e9s, la Justicia lleg\u00f3. Y con ella, la confirmaci\u00f3n de que denunciar cuando el poder incomoda sigue siendo un acto con consecuencias, pero tambi\u00e9n con sentido.<\/p>\n<p><script type=\"application\/ld+json\">{\"@context\": \"https:\/\/schema.org\", \"@type\": \"NewsArticle\", \"headline\": \"Urribarri condenado: 13 a\u00f1os despu\u00e9s, la Corte cerr\u00f3 el caso\", \"description\": \"La Corte Suprema dej\u00f3 firme la condena a 8 a\u00f1os de prisi\u00f3n efectiva contra el exgobernador entrerriano Urribarri por peculado y negociaciones incompatibles.\", \"datePublished\": \"2026-09-05T13:32:48-03:00\", \"dateModified\": \"2026-09-05T13:32:48-03:00\", \"inLanguage\": \"es-AR\", \"articleSection\": \"politica\", \"author\": {\"@type\": \"Organization\", \"name\": \"Redaccion LT15 Concordia\", \"url\": \"https:\/\/lt15concordia.com.ar\"}, \"publisher\": {\"@type\": \"Organization\", \"name\": \"LT15 Concordia\"}, \"mainEntityOfPage\": {\"@type\": \"WebPage\", \"@id\": \"https:\/\/lt15concordia.com.ar\/index.php\/2026\/09\/05\/urribarri-condenado-13-anos-despues-la-corte-cerro-el-caso\/\"}, \"image\": [\"https:\/\/www.diariojunio.com.ar\/wp-content\/uploads\/2026\/09\/ucr.jpg\"]}<\/script><\/p>\n","protected":false},"excerpt":{"rendered":"<p>La Corte Suprema dej\u00f3 firme la condena a 8 a\u00f1os de prisi\u00f3n efectiva contra el exgobernador entrerriano Urribarri por peculado y negociaciones incompatibles.<\/p>\n","protected":false},"author":5,"featured_media":61416,"comment_status":"closed","ping_status":"closed","sticky":false,"template":"","format":"standard","meta":{"footnotes":""},"categories":[37],"tags":[1479,1751,63,3531,2012,272],"_links":{"self":[{"href":"https:\/\/lt15concordia.com.ar\/index.php\/wp-json\/wp\/v2\/posts\/61417"}],"collection":[{"href":"https:\/\/lt15concordia.com.ar\/index.php\/wp-json\/wp\/v2\/posts"}],"about":[{"href":"https:\/\/lt15concordia.com.ar\/index.php\/wp-json\/wp\/v2\/types\/post"}],"author":[{"embeddable":true,"href":"https:\/\/lt15concordia.com.ar\/index.php\/wp-json\/wp\/v2\/users\/5"}],"replies":[{"embeddable":true,"href":"https:\/\/lt15concordia.com.ar\/index.php\/wp-json\/wp\/v2\/comments?post=61417"}],"version-history":[{"count":2,"href":"https:\/\/lt15concordia.com.ar\/index.php\/wp-json\/wp\/v2\/posts\/61417\/revisions"}],"predecessor-version":[{"id":61419,"href":"https:\/\/lt15concordia.com.ar\/index.php\/wp-json\/wp\/v2\/posts\/61417\/revisions\/61419"}],"wp:featuredmedia":[{"embeddable":true,"href":"https:\/\/lt15concordia.com.ar\/index.php\/wp-json\/wp\/v2\/media\/61416"}],"wp:attachment":[{"href":"https:\/\/lt15concordia.com.ar\/index.php\/wp-json\/wp\/v2\/media?parent=61417"}],"wp:term":[{"taxonomy":"category","embeddable":true,"href":"https:\/\/lt15concordia.com.ar\/index.php\/wp-json\/wp\/v2\/categories?post=61417"},{"taxonomy":"post_tag","embeddable":true,"href":"https:\/\/lt15concordia.com.ar\/index.php\/wp-json\/wp\/v2\/tags?post=61417"}],"curies":[{"name":"wp","href":"https:\/\/api.w.org\/{rel}","templated":true}]}}