{"id":61405,"date":"2026-09-05T12:31:49","date_gmt":"2026-09-05T15:31:49","guid":{"rendered":"https:\/\/lt15concordia.com.ar\/?p=61405"},"modified":"2026-09-05T12:32:00","modified_gmt":"2026-09-05T15:32:00","slug":"la-justicia-le-volvio-a-negar-la-libertad-a-callejero-fino","status":"publish","type":"post","link":"https:\/\/lt15concordia.com.ar\/index.php\/2026\/09\/05\/la-justicia-le-volvio-a-negar-la-libertad-a-callejero-fino\/","title":{"rendered":"La Justicia le volvi\u00f3 a negar la libertad a Callejero Fino"},"content":{"rendered":"<p>Sin salida a la vista. La <strong>Justicia<\/strong> rechaz\u00f3 por segunda vez el pedido de excarcelaci\u00f3n del cantante de <strong>RKT Callejero Fino<\/strong>, y tambi\u00e9n desestim\u00f3 el planteo presentado por su <strong>primo<\/strong>, quien permanece igualmente detenido.<\/p>\n<p>Ambos est\u00e1n presos en el marco de una causa vinculada con la <strong>portaci\u00f3n ilegal de un arma<\/strong> con la <strong>numeraci\u00f3n registral suprimida<\/strong>, un delito que la Justicia argentina considera de gravedad suficiente como para mantener la prisi\u00f3n preventiva.<\/p>\n<p>Como parte de la investigaci\u00f3n, el tribunal tambi\u00e9n orden\u00f3 el <strong>an\u00e1lisis del celular<\/strong> del cantante, una medida que apunta a profundizar el relevamiento de pruebas y que podr\u00eda aportar elementos clave al expediente.<\/p>\n<p>La negativa reiterada a la excarcelaci\u00f3n indica que los jueces no encuentran razones para modificar la situaci\u00f3n procesal de los imputados, al menos por ahora. Callejero Fino, una de las figuras m\u00e1s populares del g\u00e9nero urbano argentino, seguir\u00e1 enfrentando el proceso desde la detenci\u00f3n mientras la causa avanza.<\/p>\n<p><script type=\"application\/ld+json\">{\"@context\": \"https:\/\/schema.org\", \"@type\": \"NewsArticle\", \"headline\": \"La Justicia le volvi\u00f3 a negar la libertad a Callejero Fino\", \"description\": \"El cantante de RKT sigue detenido junto a su primo. La Justicia rechaz\u00f3 otra vez la excarcelaci\u00f3n y orden\u00f3 peritar su celular.\", \"datePublished\": \"2026-09-05T12:32:00-03:00\", \"dateModified\": \"2026-09-05T12:32:00-03:00\", \"inLanguage\": \"es-AR\", \"articleSection\": \"seguridad\", \"author\": {\"@type\": \"Organization\", \"name\": \"Redaccion LT15 Concordia\", \"url\": \"https:\/\/lt15concordia.com.ar\"}, \"publisher\": {\"@type\": \"Organization\", \"name\": \"LT15 Concordia\"}, \"mainEntityOfPage\": {\"@type\": \"WebPage\", \"@id\": \"https:\/\/lt15concordia.com.ar\/index.php\/2026\/09\/05\/la-justicia-le-volvio-a-negar-la-libertad-a-callejero-fino\/\"}, \"image\": [\"https:\/\/elonce-media.elonce.com\/fotos\/2026\/08\/30\/m_1788134820_747.webp\"]}<\/script><\/p>\n","protected":false},"excerpt":{"rendered":"<p>El cantante de RKT sigue detenido junto a su primo. La Justicia rechaz\u00f3 otra vez la excarcelaci\u00f3n y orden\u00f3 peritar su celular.<\/p>\n","protected":false},"author":5,"featured_media":61404,"comment_status":"closed","ping_status":"closed","sticky":false,"template":"","format":"standard","meta":{"footnotes":""},"categories":[89,33],"tags":[4842,4636,1715,150,4843,4841],"_links":{"self":[{"href":"https:\/\/lt15concordia.com.ar\/index.php\/wp-json\/wp\/v2\/posts\/61405"}],"collection":[{"href":"https:\/\/lt15concordia.com.ar\/index.php\/wp-json\/wp\/v2\/posts"}],"about":[{"href":"https:\/\/lt15concordia.com.ar\/index.php\/wp-json\/wp\/v2\/types\/post"}],"author":[{"embeddable":true,"href":"https:\/\/lt15concordia.com.ar\/index.php\/wp-json\/wp\/v2\/users\/5"}],"replies":[{"embeddable":true,"href":"https:\/\/lt15concordia.com.ar\/index.php\/wp-json\/wp\/v2\/comments?post=61405"}],"version-history":[{"count":2,"href":"https:\/\/lt15concordia.com.ar\/index.php\/wp-json\/wp\/v2\/posts\/61405\/revisions"}],"predecessor-version":[{"id":61407,"href":"https:\/\/lt15concordia.com.ar\/index.php\/wp-json\/wp\/v2\/posts\/61405\/revisions\/61407"}],"wp:featuredmedia":[{"embeddable":true,"href":"https:\/\/lt15concordia.com.ar\/index.php\/wp-json\/wp\/v2\/media\/61404"}],"wp:attachment":[{"href":"https:\/\/lt15concordia.com.ar\/index.php\/wp-json\/wp\/v2\/media?parent=61405"}],"wp:term":[{"taxonomy":"category","embeddable":true,"href":"https:\/\/lt15concordia.com.ar\/index.php\/wp-json\/wp\/v2\/categories?post=61405"},{"taxonomy":"post_tag","embeddable":true,"href":"https:\/\/lt15concordia.com.ar\/index.php\/wp-json\/wp\/v2\/tags?post=61405"}],"curies":[{"name":"wp","href":"https:\/\/api.w.org\/{rel}","templated":true}]}}