{"id":61401,"date":"2026-09-05T12:31:06","date_gmt":"2026-09-05T15:31:06","guid":{"rendered":"https:\/\/lt15concordia.com.ar\/?p=61401"},"modified":"2026-09-05T12:31:18","modified_gmt":"2026-09-05T15:31:18","slug":"el-pj-de-concordia-se-reunio-en-guemes-oser-criticas-y-ausencias-que-hablan","status":"publish","type":"post","link":"https:\/\/lt15concordia.com.ar\/index.php\/2026\/09\/05\/el-pj-de-concordia-se-reunio-en-guemes-oser-criticas-y-ausencias-que-hablan\/","title":{"rendered":"El PJ de Concordia se reuni\u00f3 en G\u00fcemes: OSER, cr\u00edticas y ausencias que hablan"},"content":{"rendered":"<p>El peronismo de <strong>Concordia<\/strong> se movi\u00f3. Y cuando el PJ se mueve, siempre hay algo que leer entre l\u00edneas: lo que se dice, lo que se calla y, sobre todo, qui\u00e9n no aparece.<\/p>\n<p>La sede partidaria de calle <strong>G\u00fcemes<\/strong> fue el escenario de una reuni\u00f3n que convoc\u00f3 a dirigentes, militantes y referentes territoriales. El primer eje fue t\u00e9cnico pero con carga pol\u00edtica: la situaci\u00f3n de la <strong>Obra Social de Entre R\u00edos (OSER)<\/strong>. <strong>Pablo Giampaolo<\/strong>, s\u00edndico fiscalizador del organismo, present\u00f3 un informe contable y prestacional que gener\u00f3 debate entre los presentes. Cifras sobre el funcionamiento de la obra social y el impacto concreto sobre los afiliados pusieron el tema sobre la mesa.<\/p>\n<p>Despu\u00e9s llegaron los discursos, y con ellos, la temperatura subi\u00f3. <strong>Enrique Cresto<\/strong> y el exgobernador <strong>Gustavo Bordet<\/strong> coincidieron en el diagn\u00f3stico general, aunque apuntaron en direcciones distintas. Cresto fue honesto en un punto que no siempre el peronismo se anima a reconocer: los errores propios de gestiones anteriores. Pero de ah\u00ed pas\u00f3 a cargar contra el gobierno del gobernador <strong>Rogelio Frigerio<\/strong>, al que acus\u00f3 de profundizar esos problemas y de desmantelar pol\u00edticas de la etapa anterior. Tambi\u00e9n plante\u00f3 que la discusi\u00f3n electoral que viene debe nacer desde las bases, no desde los despachos.<\/p>\n<p>Bordet, en tanto, reserv\u00f3 su artiller\u00eda para el plano local. Apunt\u00f3 directamente contra la gesti\u00f3n del intendente <strong>Francisco Azcu\u00e9<\/strong> y traz\u00f3 una comparaci\u00f3n entre la presencia del Estado peronista en los barrios y lo que, seg\u00fan su lectura, existe hoy. Calles, comedores comunitarios y <strong>Centros de Desarrollo Infantil (CDI)<\/strong> fueron parte del inventario de cr\u00edticas. Tambi\u00e9n cuestion\u00f3 la <strong>privatizaci\u00f3n del servicio de recolecci\u00f3n de residuos<\/strong> y las denuncias penales vinculadas al contrato con la empresa <strong>VITSA<\/strong>, con una observaci\u00f3n sobre los tiempos de la Justicia que no pas\u00f3 desapercibida.<\/p>\n<p>El otro gran tema fue la unidad. La conducci\u00f3n del PJ local plante\u00f3 la necesidad de reactivar la vida interna del partido y construir una alternativa electoral para los pr\u00f3ximos desaf\u00edos. El llamado son\u00f3 sincero, pero tuvo un problema evidente: <strong>no todos respondieron<\/strong>. Las ausencias de dirigentes y sectores vinculados a <strong>\u00c1ngel Giano<\/strong> y <strong>Eduardo Gay<\/strong> fueron notorias, especialmente despu\u00e9s de los recientes llamados p\u00fablicos a la unidad que distintos sectores del peronismo concordiense hab\u00edan hecho circular.<\/p>\n<p>El contraste qued\u00f3 expuesto sin necesidad de subrayarlo: Cresto y Bordet volvieron a compartir escenario, mientras que otros sectores del PJ local siguieron brillando por su ausencia. Las diferencias internas del peronismo concordiense no se resuelven con una reuni\u00f3n, por m\u00e1s cargada de diagn\u00f3sticos y buenas intenciones que sea. El encuentro cerr\u00f3 con la promesa de volver a gobernar para, seg\u00fan palabras de la conducci\u00f3n, <strong>&#8220;reparar el desastre estructural que est\u00e1n dejando las actuales gestiones&#8221;<\/strong>. La pregunta que queda flotando es si el peronismo local lograr\u00e1 presentarse unido cuando llegue el momento de responderla en las urnas.<\/p>\n<p><script type=\"application\/ld+json\">{\"@context\": \"https:\/\/schema.org\", \"@type\": \"NewsArticle\", \"headline\": \"El PJ de Concordia se reuni\u00f3 en G\u00fcemes: OSER, cr\u00edticas y ausencias que hablan\", \"description\": \"El peronismo concordiense debati\u00f3 la situaci\u00f3n de OSER, apunt\u00f3 contra Frigerio y Azcu\u00e9, pero las ausencias de sectores clave marcaron la jornada.\", \"datePublished\": \"2026-09-05T12:31:17-03:00\", \"dateModified\": \"2026-09-05T12:31:17-03:00\", \"inLanguage\": \"es-AR\", \"articleSection\": \"politica\", \"author\": {\"@type\": \"Organization\", \"name\": \"Redaccion LT15 Concordia\", \"url\": \"https:\/\/lt15concordia.com.ar\"}, \"publisher\": {\"@type\": \"Organization\", \"name\": \"LT15 Concordia\"}, \"mainEntityOfPage\": {\"@type\": \"WebPage\", \"@id\": \"https:\/\/lt15concordia.com.ar\/index.php\/2026\/09\/05\/el-pj-de-concordia-se-reunio-en-guemes-oser-criticas-y-ausencias-que-hablan\/\"}, \"image\": [\"https:\/\/www.diariojunio.com.ar\/wp-content\/uploads\/2026\/09\/IMG-20260905-WA0033-scaled.jpg\"]}<\/script><\/p>\n","protected":false},"excerpt":{"rendered":"<p>El peronismo concordiense debati\u00f3 la situaci\u00f3n de OSER, apunt\u00f3 contra Frigerio y Azcu\u00e9, pero las ausencias de sectores clave marcaron la jornada.<\/p>\n","protected":false},"author":5,"featured_media":61400,"comment_status":"closed","ping_status":"closed","sticky":false,"template":"","format":"standard","meta":{"footnotes":""},"categories":[30],"tags":[720,100,93,837,2306,2324],"_links":{"self":[{"href":"https:\/\/lt15concordia.com.ar\/index.php\/wp-json\/wp\/v2\/posts\/61401"}],"collection":[{"href":"https:\/\/lt15concordia.com.ar\/index.php\/wp-json\/wp\/v2\/posts"}],"about":[{"href":"https:\/\/lt15concordia.com.ar\/index.php\/wp-json\/wp\/v2\/types\/post"}],"author":[{"embeddable":true,"href":"https:\/\/lt15concordia.com.ar\/index.php\/wp-json\/wp\/v2\/users\/5"}],"replies":[{"embeddable":true,"href":"https:\/\/lt15concordia.com.ar\/index.php\/wp-json\/wp\/v2\/comments?post=61401"}],"version-history":[{"count":2,"href":"https:\/\/lt15concordia.com.ar\/index.php\/wp-json\/wp\/v2\/posts\/61401\/revisions"}],"predecessor-version":[{"id":61403,"href":"https:\/\/lt15concordia.com.ar\/index.php\/wp-json\/wp\/v2\/posts\/61401\/revisions\/61403"}],"wp:featuredmedia":[{"embeddable":true,"href":"https:\/\/lt15concordia.com.ar\/index.php\/wp-json\/wp\/v2\/media\/61400"}],"wp:attachment":[{"href":"https:\/\/lt15concordia.com.ar\/index.php\/wp-json\/wp\/v2\/media?parent=61401"}],"wp:term":[{"taxonomy":"category","embeddable":true,"href":"https:\/\/lt15concordia.com.ar\/index.php\/wp-json\/wp\/v2\/categories?post=61401"},{"taxonomy":"post_tag","embeddable":true,"href":"https:\/\/lt15concordia.com.ar\/index.php\/wp-json\/wp\/v2\/tags?post=61401"}],"curies":[{"name":"wp","href":"https:\/\/api.w.org\/{rel}","templated":true}]}}