{"id":61389,"date":"2026-09-05T11:30:49","date_gmt":"2026-09-05T14:30:49","guid":{"rendered":"https:\/\/lt15concordia.com.ar\/?p=61389"},"modified":"2026-09-05T11:30:59","modified_gmt":"2026-09-05T14:30:59","slug":"urribarri-detenido-la-corte-cerro-la-puerta-y-lo-trasladaron-a-parana","status":"publish","type":"post","link":"https:\/\/lt15concordia.com.ar\/index.php\/2026\/09\/05\/urribarri-detenido-la-corte-cerro-la-puerta-y-lo-trasladaron-a-parana\/","title":{"rendered":"Urribarri detenido: la Corte cerr\u00f3 la puerta y lo trasladaron a Paran\u00e1"},"content":{"rendered":"<p>No hubo m\u00e1s salidas. <strong>Sergio Urribarri<\/strong>, exgobernador de <strong>Entre R\u00edos<\/strong>, fue detenido durante la madrugada del <strong>s\u00e1bado<\/strong> despu\u00e9s de que la <strong>Corte Suprema de Justicia<\/strong> rechazara los \u00faltimos recursos que le quedaban contra su condena. El cierre definitivo de esa puerta judicial convirti\u00f3 en realidad lo que durante meses pareci\u00f3 postergarse indefinidamente.<\/p>\n<p>El traslado se produjo desde <strong>Concordia<\/strong>, ciudad donde resid\u00eda, en horas de la madrugada. Urribarri pas\u00f3 la noche en la <strong>Alcaid\u00eda de Tribunales<\/strong> de Paran\u00e1, a la espera de ser alojado de manera definitiva en la <strong>Unidad Penal N\u00b0 1<\/strong> de esa ciudad. Un recorrido corto en kil\u00f3metros, pero enorme en t\u00e9rminos pol\u00edticos y simb\u00f3licos para la historia reciente de la provincia.<\/p>\n<p>La condena del exmandatario entrerriano arrastra a\u00f1os de proceso judicial y fue uno de los casos m\u00e1s resonantes de la pol\u00edtica provincial en la \u00faltima d\u00e9cada. Con la sentencia firme, ya no hay recurso ordinario ni extraordinario que pueda suspender su cumplimiento: <strong>la instancia judicial qued\u00f3 agotada<\/strong>.<\/p>\n<p>Lo que sigue ahora es la etapa de ejecuci\u00f3n de la pena dentro del sistema penitenciario bonaerense. El ingreso a la <strong>Unidad Penal N\u00b0 1 de Paran\u00e1<\/strong> marca el comienzo efectivo de esa etapa, lejos de los despachos y los actos partidarios que definieron buena parte de su trayectoria p\u00fablica.<\/p>\n<p>Para la pol\u00edtica entrerriana, la imagen de un exgobernador trasladado en la madrugada hacia una unidad penitenciaria es un dato que no pasa desapercibido. Sea cual sea la lectura que cada sector haga del proceso, el hecho concreto es uno solo: <strong>la Justicia cerr\u00f3 todos los cap\u00edtulos pendientes<\/strong> y Urribarri comenz\u00f3 a cumplir su condena.<\/p>\n<p><script type=\"application\/ld+json\">{\"@context\": \"https:\/\/schema.org\", \"@type\": \"NewsArticle\", \"headline\": \"Urribarri detenido: la Corte cerr\u00f3 la puerta y lo trasladaron a Paran\u00e1\", \"description\": \"El exgobernador fue arrestado en Concordia tras quedar firme su condena. La Corte Suprema rechaz\u00f3 los \u00faltimos recursos y ya est\u00e1 alojado en la Unidad Penal N\u00b0 1.\", \"datePublished\": \"2026-09-05T11:30:59-03:00\", \"dateModified\": \"2026-09-05T11:30:59-03:00\", \"inLanguage\": \"es-AR\", \"articleSection\": \"politica\", \"author\": {\"@type\": \"Organization\", \"name\": \"Redaccion LT15 Concordia\", \"url\": \"https:\/\/lt15concordia.com.ar\"}, \"publisher\": {\"@type\": \"Organization\", \"name\": \"LT15 Concordia\"}, \"mainEntityOfPage\": {\"@type\": \"WebPage\", \"@id\": \"https:\/\/lt15concordia.com.ar\/index.php\/2026\/09\/05\/urribarri-detenido-la-corte-cerro-la-puerta-y-lo-trasladaron-a-parana\/\"}, \"image\": [\"https:\/\/elonce-media.elonce.com\/fotos\/2024\/11\/20\/m_1732127285_14885.webp\"]}<\/script><\/p>\n","protected":false},"excerpt":{"rendered":"<p>El exgobernador fue arrestado en Concordia tras quedar firme su condena. La Corte Suprema rechaz\u00f3 los \u00faltimos recursos y ya est\u00e1 alojado en la Unidad Penal N\u00b0 1.<\/p>\n","protected":false},"author":5,"featured_media":61388,"comment_status":"closed","ping_status":"closed","sticky":false,"template":"","format":"standard","meta":{"footnotes":""},"categories":[37],"tags":[1479,1751,63,67,2599,272],"_links":{"self":[{"href":"https:\/\/lt15concordia.com.ar\/index.php\/wp-json\/wp\/v2\/posts\/61389"}],"collection":[{"href":"https:\/\/lt15concordia.com.ar\/index.php\/wp-json\/wp\/v2\/posts"}],"about":[{"href":"https:\/\/lt15concordia.com.ar\/index.php\/wp-json\/wp\/v2\/types\/post"}],"author":[{"embeddable":true,"href":"https:\/\/lt15concordia.com.ar\/index.php\/wp-json\/wp\/v2\/users\/5"}],"replies":[{"embeddable":true,"href":"https:\/\/lt15concordia.com.ar\/index.php\/wp-json\/wp\/v2\/comments?post=61389"}],"version-history":[{"count":2,"href":"https:\/\/lt15concordia.com.ar\/index.php\/wp-json\/wp\/v2\/posts\/61389\/revisions"}],"predecessor-version":[{"id":61391,"href":"https:\/\/lt15concordia.com.ar\/index.php\/wp-json\/wp\/v2\/posts\/61389\/revisions\/61391"}],"wp:featuredmedia":[{"embeddable":true,"href":"https:\/\/lt15concordia.com.ar\/index.php\/wp-json\/wp\/v2\/media\/61388"}],"wp:attachment":[{"href":"https:\/\/lt15concordia.com.ar\/index.php\/wp-json\/wp\/v2\/media?parent=61389"}],"wp:term":[{"taxonomy":"category","embeddable":true,"href":"https:\/\/lt15concordia.com.ar\/index.php\/wp-json\/wp\/v2\/categories?post=61389"},{"taxonomy":"post_tag","embeddable":true,"href":"https:\/\/lt15concordia.com.ar\/index.php\/wp-json\/wp\/v2\/tags?post=61389"}],"curies":[{"name":"wp","href":"https:\/\/api.w.org\/{rel}","templated":true}]}}