{"id":61377,"date":"2026-09-05T10:32:19","date_gmt":"2026-09-05T13:32:19","guid":{"rendered":"https:\/\/lt15concordia.com.ar\/?p=61377"},"modified":"2026-09-05T10:32:30","modified_gmt":"2026-09-05T13:32:30","slug":"urribarri-aguilera-y-baez-durmieron-en-la-alcaidia-y-van-a-la-up1","status":"publish","type":"post","link":"https:\/\/lt15concordia.com.ar\/index.php\/2026\/09\/05\/urribarri-aguilera-y-baez-durmieron-en-la-alcaidia-y-van-a-la-up1\/","title":{"rendered":"Urribarri, Aguilera y B\u00e1ez durmieron en la Alcaid\u00eda y van a la UP1"},"content":{"rendered":"<p>La noche del viernes los encontr\u00f3 en celdas de no m\u00e1s de <strong>3 x 2 metros<\/strong>, con una cucheta de madera y movimiento restringido al ba\u00f1o con acompa\u00f1amiento policial. <strong>Sergio Urribarri<\/strong>, <strong>Juan Pablo Aguilera<\/strong> y <strong>Pedro B\u00e1ez<\/strong> pasaron su primera noche como condenados firmes en la <strong>Alcaid\u00eda de Tribunales de Paran\u00e1<\/strong>, y este s\u00e1bado ser\u00e1n derivados a la <strong>Unidad Penal N\u00b0 1<\/strong>.<\/p>\n<p>El detonante fue la resoluci\u00f3n del <strong>jueves 3 de septiembre<\/strong> de la <strong>Corte Suprema de Justicia de la Naci\u00f3n<\/strong>, que desestim\u00f3 los recursos extraordinarios presentados por el exgobernador, su cu\u00f1ado y el exministro de Cultura y Comunicaci\u00f3n, y dej\u00f3 firme la condena que la Justicia entrerriana les impuso en la <strong>Megacausa por delitos de corrupci\u00f3n<\/strong>. En el mismo expediente, el m\u00e1ximo tribunal rechaz\u00f3 tambi\u00e9n los planteos de <strong>Gerardo Caruso<\/strong>, <strong>Corina Cargnel<\/strong>, <strong>Emiliano Giacopuzzi<\/strong> y <strong>Luciana Almada<\/strong>: la totalidad de las condenas del megajuicio qued\u00f3 firme.<\/p>\n<p><strong>B\u00e1ez<\/strong> ingres\u00f3 a la Alcaid\u00eda aproximadamente a las <strong>21.40<\/strong>, por calle C\u00f3rdoba, en un veh\u00edculo de la Unidad de Traslado del Servicio Penitenciario. <strong>Aguilera<\/strong> se notific\u00f3 casi una hora antes en la <strong>Jefatura Departamental de San Salvador<\/strong> \u2014aunque ten\u00eda domicilio en General Campos\u2014 y desde all\u00ed fue derivado a la capital provincial. <strong>Urribarri<\/strong>, en tanto, fue notificado en su casa de <strong>Garat, calle Concordia<\/strong>, por el propio jefe departamental, el comisario <strong>Jos\u00e9 Mar\u00eda Rosatelli<\/strong>, el mismo oficial que lo hab\u00eda acompa\u00f1ado la vez anterior que estuvo detenido.<\/p>\n<p>Antes de que llegara B\u00e1ez, el Tribunal de Juicios y Apelaciones orden\u00f3 trasladar a tres presos que ya estaban en la Alcaid\u00eda a la <strong>Comisar\u00eda Quinta de Paran\u00e1<\/strong>, para que los condenados de la Megacausa no compartieran el sector con otros detenidos. El Ministerio P\u00fablico Fiscal, a cargo de las fiscales <strong>Patricia Yedro<\/strong> y el fiscal <strong>Gonzalo Badano<\/strong>, hab\u00eda pedido la <strong>&#8220;detenci\u00f3n inmediata&#8221;<\/strong> por &#8220;posible peligro de fuga&#8221;.<\/p>\n<p>Las defensas intentaron evitar el encierro. Los abogados de Urribarri, <strong>Leopoldo Cappa<\/strong>, y los de B\u00e1ez, <strong>Ignacio D\u00edaz<\/strong> y <strong>Jos\u00e9 Vel\u00e1zquez<\/strong>, solicitaron al tribunal \u2014que preside la vocal <strong>Mar\u00eda Carolina Castagno<\/strong>\u2014 que se aplicara <strong>prisi\u00f3n domiciliaria<\/strong> en lugar del traslado a la Unidad Penal. La defensa de Urribarri argument\u00f3 que su cliente nunca eludi\u00f3 la acci\u00f3n de la Justicia y siempre estuvo a disposici\u00f3n del proceso. El pedido no prosper\u00f3.<\/p>\n<p>Ahora la pelota queda en manos de la jueza de Ejecuci\u00f3n y Medidas de Seguridad, <strong>Cecilia B\u00e9rtora<\/strong>, quien deber\u00e1 resolver los planteos que presenten los defensores, incluyendo eventuales solicitudes de domiciliaria. El escenario carcelario agrega una complicaci\u00f3n log\u00edstica: el <strong>sector especial donde los tres hab\u00edan estado alojados antes en la UP1<\/strong> ya no existe como tal \u2014est\u00e1 en refacciones para ser destinado a Enfermer\u00eda\u2014 por lo que se debat\u00eda si incorporarlos al <strong>Pabell\u00f3n de Seguridad<\/strong> o derivarlos a la <strong>Unidad Penal de Gualeguaych\u00fa<\/strong>, que cuenta con espacio y un sector especial para mayores. En principio, los tres cumplir\u00edan condena en Paran\u00e1, aunque la situaci\u00f3n edilicia podr\u00eda modificar ese destino en las pr\u00f3ximas horas.<\/p>\n<p><script type=\"application\/ld+json\">{\"@context\": \"https:\/\/schema.org\", \"@type\": \"NewsArticle\", \"headline\": \"Urribarri, Aguilera y B\u00e1ez durmieron en la Alcaid\u00eda y van a la UP1\", \"description\": \"La Corte Suprema dej\u00f3 firme la condena de la Megacausa. Los tres condenados pasaron la noche en Paran\u00e1 y ser\u00e1n trasladados a la Unidad Penal.\", \"datePublished\": \"2026-09-05T10:32:29-03:00\", \"dateModified\": \"2026-09-05T10:32:29-03:00\", \"inLanguage\": \"es-AR\", \"articleSection\": \"politica\", \"author\": {\"@type\": \"Organization\", \"name\": \"Redaccion LT15 Concordia\", \"url\": \"https:\/\/lt15concordia.com.ar\"}, \"publisher\": {\"@type\": \"Organization\", \"name\": \"LT15 Concordia\"}, \"mainEntityOfPage\": {\"@type\": \"WebPage\", \"@id\": \"https:\/\/lt15concordia.com.ar\/index.php\/2026\/09\/05\/urribarri-aguilera-y-baez-durmieron-en-la-alcaidia-y-van-a-la-up1\/\"}, \"image\": [\"https:\/\/www.diariojunio.com.ar\/wp-content\/uploads\/2026\/09\/aguilera-urribarri-baez.jpg\"]}<\/script><\/p>\n","protected":false},"excerpt":{"rendered":"<p>La Corte Suprema dej\u00f3 firme la condena de la Megacausa. Los tres condenados pasaron la noche en Paran\u00e1 y ser\u00e1n trasladados a la Unidad Penal.<\/p>\n","protected":false},"author":5,"featured_media":61376,"comment_status":"closed","ping_status":"closed","sticky":false,"template":"","format":"standard","meta":{"footnotes":""},"categories":[37],"tags":[1602,1751,4534,67,4837,272],"_links":{"self":[{"href":"https:\/\/lt15concordia.com.ar\/index.php\/wp-json\/wp\/v2\/posts\/61377"}],"collection":[{"href":"https:\/\/lt15concordia.com.ar\/index.php\/wp-json\/wp\/v2\/posts"}],"about":[{"href":"https:\/\/lt15concordia.com.ar\/index.php\/wp-json\/wp\/v2\/types\/post"}],"author":[{"embeddable":true,"href":"https:\/\/lt15concordia.com.ar\/index.php\/wp-json\/wp\/v2\/users\/5"}],"replies":[{"embeddable":true,"href":"https:\/\/lt15concordia.com.ar\/index.php\/wp-json\/wp\/v2\/comments?post=61377"}],"version-history":[{"count":2,"href":"https:\/\/lt15concordia.com.ar\/index.php\/wp-json\/wp\/v2\/posts\/61377\/revisions"}],"predecessor-version":[{"id":61379,"href":"https:\/\/lt15concordia.com.ar\/index.php\/wp-json\/wp\/v2\/posts\/61377\/revisions\/61379"}],"wp:featuredmedia":[{"embeddable":true,"href":"https:\/\/lt15concordia.com.ar\/index.php\/wp-json\/wp\/v2\/media\/61376"}],"wp:attachment":[{"href":"https:\/\/lt15concordia.com.ar\/index.php\/wp-json\/wp\/v2\/media?parent=61377"}],"wp:term":[{"taxonomy":"category","embeddable":true,"href":"https:\/\/lt15concordia.com.ar\/index.php\/wp-json\/wp\/v2\/categories?post=61377"},{"taxonomy":"post_tag","embeddable":true,"href":"https:\/\/lt15concordia.com.ar\/index.php\/wp-json\/wp\/v2\/tags?post=61377"}],"curies":[{"name":"wp","href":"https:\/\/api.w.org\/{rel}","templated":true}]}}