{"id":61361,"date":"2026-09-05T08:32:49","date_gmt":"2026-09-05T11:32:49","guid":{"rendered":"https:\/\/lt15concordia.com.ar\/?p=61361"},"modified":"2026-09-05T08:32:59","modified_gmt":"2026-09-05T11:32:59","slug":"ayuso-y-feijoo-abren-el-curso-politico-en-madrid-con-duras-criticas-a-sanchez","status":"publish","type":"post","link":"https:\/\/lt15concordia.com.ar\/index.php\/2026\/09\/05\/ayuso-y-feijoo-abren-el-curso-politico-en-madrid-con-duras-criticas-a-sanchez\/","title":{"rendered":"Ayuso y Feij\u00f3o abren el curso pol\u00edtico en Madrid con duras cr\u00edticas a S\u00e1nchez"},"content":{"rendered":"<p>El <strong>Partido Popular de Madrid<\/strong> encendi\u00f3 motores para el ciclo pol\u00edtico que viene con un acto realizado este s\u00e1bado en <strong>Getafe<\/strong>, con la mira puesta en las elecciones auton\u00f3micas y municipales de <strong>2027<\/strong>. La convocatoria en el <strong>Hotel Exe Getafe<\/strong> reuni\u00f3 a dirigentes y afiliados bajo la conducci\u00f3n de los dos pesos pesados del partido: <strong>Alberto N\u00fa\u00f1ez Feij\u00f3o<\/strong> e <strong>Isabel D\u00edaz Ayuso<\/strong>.<\/p>\n<p>El encuentro no estuvo exento de contexto inc\u00f3modo: la compra de un \u00e1tico en el barrio de <strong>Chamber\u00ed<\/strong> por parte de la Comunidad de Madrid, a trav\u00e9s de la empresa p\u00fablica <strong>Planifica Madrid<\/strong>, flotaba como tel\u00f3n de fondo. El gobierno regional insiste en que el asunto est\u00e1 cerrado y las explicaciones son &#8220;concluyentes&#8221;, aunque la pol\u00e9mica no parece haberse disipado del todo en la opini\u00f3n p\u00fablica espa\u00f1ola.<\/p>\n<p>Ayuso tom\u00f3 el micr\u00f3fono y fue directo al hueso. Exigi\u00f3 responsabilidades por la llegada masiva de migrantes a <strong>Ceuta<\/strong> a fines de julio, un episodio que, seg\u00fan sostuvo, estuvo <strong>&#8220;coordinada por los servicios secretos marroqu\u00edes&#8221;<\/strong> y el que llam\u00f3 &#8220;jeta de La Mareta&#8221;, en referencia al presidente <strong>Pedro S\u00e1nchez<\/strong> y su residencia oficial de descanso en <strong>Lanzarote<\/strong>. &#8220;Basta ya de excusas y de mentiras&#8221;, remat\u00f3 ante los aplausos del auditorio.<\/p>\n<p>La presidenta madrile\u00f1a cuestion\u00f3 que S\u00e1nchez estuviera de vacaciones mientras distintos informes advert\u00edan que la llegada masiva de personas <strong>&#8220;se ve\u00eda venir y se sab\u00eda&#8221;<\/strong>. Afirm\u00f3 que existe <strong>&#8220;una acci\u00f3n coordinada desde Rabat&#8221;<\/strong> y que Espa\u00f1a qued\u00f3 sola ante el mundo, sin defensa internacional, mientras el gobierno nacional &#8220;chuleaba&#8221; a Estados Unidos y abandonaba el S\u00e1hara y Algeciras. Las amenazas sobre <strong>Melilla y Canarias<\/strong>, dijo, vuelven a estar sobre la mesa.<\/p>\n<p>El resto de su discurso fue una andanada directa contra el presidente del gobierno. Ayuso afirm\u00f3 que las vacaciones de S\u00e1nchez costaron <strong>&#8220;10 millones de euros&#8221;<\/strong> y lo acus\u00f3 de estar &#8220;obsesionado&#8221; con ella. Carg\u00f3 contra un ejecutivo que, a su entender, <strong>&#8220;lo ha colonizado todo&#8221;<\/strong> y representa &#8220;lo m\u00e1s antidemocr\u00e1tico que ha conocido&#8221; Espa\u00f1a, por atentar contra la separaci\u00f3n de poderes. Tambi\u00e9n apunt\u00f3 contra los socios de gobierno, a quienes describi\u00f3 como beneficiarios de cargos y sueldos que no querr\u00e1n perder cuando lleguen las pr\u00f3ximas elecciones.<\/p>\n<p>El acto cont\u00f3 adem\u00e1s con la intervenci\u00f3n de <strong>Antonio Jos\u00e9 Mesa<\/strong>, candidato popular a la alcald\u00eda de Getafe, quien abri\u00f3 la jornada antes de que tomaran la palabra los l\u00edderes nacionales. El PP madrile\u00f1o deja en claro que la temporada pol\u00edtica arranca con toda la energ\u00eda puesta en el desgaste del gobierno de S\u00e1nchez, mientras el calendario electoral de 2027 empieza a marcar el ritmo de cada movimiento.<\/p>\n<p><script type=\"application\/ld+json\">{\"@context\": \"https:\/\/schema.org\", \"@type\": \"NewsArticle\", \"headline\": \"Ayuso y Feij\u00f3o abren el curso pol\u00edtico en Madrid con duras cr\u00edticas a S\u00e1nchez\", \"description\": \"El PP madrile\u00f1o lanz\u00f3 su temporada pol\u00edtica en Getafe con un acto donde Ayuso y Feij\u00f3o apuntaron contra el gobierno nacional por migraci\u00f3n, vacaciones y democracia.\", \"datePublished\": \"2026-09-05T08:32:59-03:00\", \"dateModified\": \"2026-09-05T08:32:59-03:00\", \"inLanguage\": \"es-AR\", \"articleSection\": \"politica\", \"author\": {\"@type\": \"Organization\", \"name\": \"Redaccion LT15 Concordia\", \"url\": \"https:\/\/lt15concordia.com.ar\"}, \"publisher\": {\"@type\": \"Organization\", \"name\": \"LT15 Concordia\"}, \"mainEntityOfPage\": {\"@type\": \"WebPage\", \"@id\": \"https:\/\/lt15concordia.com.ar\/index.php\/2026\/09\/05\/ayuso-y-feijoo-abren-el-curso-politico-en-madrid-con-duras-criticas-a-sanchez\/\"}, \"image\": [\"https:\/\/www.infobae.com\/resizer\/v2\/67SN5MHS5FD7TNPEHRTL7U2GAY.jpg?auth=6edd7ab37bc539f88327c2060c5756dbde2f0994f57b9803db07b062484f444e&smart=true&width=5349&height=3566\"]}<\/script><\/p>\n","protected":false},"excerpt":{"rendered":"<p>El PP madrile\u00f1o lanz\u00f3 su temporada pol\u00edtica en Getafe con un acto donde Ayuso y Feij\u00f3o apuntaron contra el gobierno nacional por migraci\u00f3n, vacaciones y democracia.<\/p>\n","protected":false},"author":5,"featured_media":61360,"comment_status":"closed","ping_status":"closed","sticky":false,"template":"","format":"standard","meta":{"footnotes":""},"categories":[89],"tags":[4827,385,4828,4830,4826,4829],"_links":{"self":[{"href":"https:\/\/lt15concordia.com.ar\/index.php\/wp-json\/wp\/v2\/posts\/61361"}],"collection":[{"href":"https:\/\/lt15concordia.com.ar\/index.php\/wp-json\/wp\/v2\/posts"}],"about":[{"href":"https:\/\/lt15concordia.com.ar\/index.php\/wp-json\/wp\/v2\/types\/post"}],"author":[{"embeddable":true,"href":"https:\/\/lt15concordia.com.ar\/index.php\/wp-json\/wp\/v2\/users\/5"}],"replies":[{"embeddable":true,"href":"https:\/\/lt15concordia.com.ar\/index.php\/wp-json\/wp\/v2\/comments?post=61361"}],"version-history":[{"count":2,"href":"https:\/\/lt15concordia.com.ar\/index.php\/wp-json\/wp\/v2\/posts\/61361\/revisions"}],"predecessor-version":[{"id":61363,"href":"https:\/\/lt15concordia.com.ar\/index.php\/wp-json\/wp\/v2\/posts\/61361\/revisions\/61363"}],"wp:featuredmedia":[{"embeddable":true,"href":"https:\/\/lt15concordia.com.ar\/index.php\/wp-json\/wp\/v2\/media\/61360"}],"wp:attachment":[{"href":"https:\/\/lt15concordia.com.ar\/index.php\/wp-json\/wp\/v2\/media?parent=61361"}],"wp:term":[{"taxonomy":"category","embeddable":true,"href":"https:\/\/lt15concordia.com.ar\/index.php\/wp-json\/wp\/v2\/categories?post=61361"},{"taxonomy":"post_tag","embeddable":true,"href":"https:\/\/lt15concordia.com.ar\/index.php\/wp-json\/wp\/v2\/tags?post=61361"}],"curies":[{"name":"wp","href":"https:\/\/api.w.org\/{rel}","templated":true}]}}