{"id":61331,"date":"2026-09-05T06:30:56","date_gmt":"2026-09-05T09:30:56","guid":{"rendered":"https:\/\/lt15concordia.com.ar\/?p=61331"},"modified":"2026-09-05T06:31:08","modified_gmt":"2026-09-05T09:31:08","slug":"jornadas-de-fibrosis-quistica-en-parana-gratis-y-con-especialistas","status":"publish","type":"post","link":"https:\/\/lt15concordia.com.ar\/index.php\/2026\/09\/05\/jornadas-de-fibrosis-quistica-en-parana-gratis-y-con-especialistas\/","title":{"rendered":"Jornadas de Fibrosis Qu\u00edstica en Paran\u00e1: gratis y con especialistas"},"content":{"rendered":"<p>Una fecha para marcar en el calendario sanitario entrerriano. El pr\u00f3ximo <strong>viernes 11 de septiembre<\/strong>, la ciudad de <strong>Paran\u00e1<\/strong> ser\u00e1 sede de las <strong>Jornadas Entrerrianas de Fibrosis Qu\u00edstica<\/strong>, un encuentro que reunir\u00e1 a especialistas de la provincia para abordar una enfermedad que sigue siendo poco visible pero que afecta de manera profunda la vida de quienes la padecen y de sus familias.<\/p>\n<p>El evento tendr\u00e1 <strong>modalidad h\u00edbrida<\/strong>: quienes puedan acercarse lo har\u00e1n de forma presencial, y quienes est\u00e9n en el interior de la provincia o no puedan trasladarse podr\u00e1n seguirlo de manera <strong>virtual<\/strong>. La participaci\u00f3n es completamente <strong>gratuita<\/strong>, lo que baja una barrera importante para que m\u00e1s profesionales de la salud, pacientes y familiares puedan acceder a la informaci\u00f3n.<\/p>\n<p>La agenda contempla temas centrales para el manejo de esta patolog\u00eda cr\u00f3nica: <strong>diagn\u00f3stico temprano<\/strong>, <strong>pesquisa neonatal<\/strong> y <strong>cuidados respiratorios<\/strong>, tres ejes que hacen a la calidad de vida de los pacientes y que requieren de equipos interdisciplinarios bien formados. La detecci\u00f3n precoz, en particular, es clave para mejorar el pron\u00f3stico a largo plazo.<\/p>\n<p>La fibrosis qu\u00edstica es una enfermedad gen\u00e9tica que afecta principalmente los pulmones y el sistema digestivo. En Argentina, el tamizaje neonatal obligatorio permite detectarla desde los primeros d\u00edas de vida, aunque el acceso a tratamientos especializados sigue siendo desigual seg\u00fan la regi\u00f3n. Jornadas como esta apuntan a reducir esa brecha, poniendo el conocimiento al alcance de quienes trabajan en el sistema de salud provincial.<\/p>\n<p>Quienes quieran participar tienen tiempo de organizar su asistencia presencial en <strong>Paran\u00e1<\/strong> o de inscribirse para la transmisi\u00f3n virtual antes del <strong>11 de septiembre<\/strong>.<\/p>\n<p><script type=\"application\/ld+json\">{\"@context\": \"https:\/\/schema.org\", \"@type\": \"NewsArticle\", \"headline\": \"Jornadas de Fibrosis Qu\u00edstica en Paran\u00e1: gratis y con especialistas\", \"description\": \"El 11 de septiembre se realizan en Paran\u00e1 las Jornadas Entrerrianas de Fibrosis Qu\u00edstica, con modalidad presencial y virtual y entrada gratuita.\", \"datePublished\": \"2026-09-05T06:31:07-03:00\", \"dateModified\": \"2026-09-05T06:31:07-03:00\", \"inLanguage\": \"es-AR\", \"articleSection\": \"salud\", \"author\": {\"@type\": \"Organization\", \"name\": \"Redaccion LT15 Concordia\", \"url\": \"https:\/\/lt15concordia.com.ar\"}, \"publisher\": {\"@type\": \"Organization\", \"name\": \"LT15 Concordia\"}, \"mainEntityOfPage\": {\"@type\": \"WebPage\", \"@id\": \"https:\/\/lt15concordia.com.ar\/index.php\/2026\/09\/05\/jornadas-de-fibrosis-quistica-en-parana-gratis-y-con-especialistas\/\"}, \"image\": [\"https:\/\/elonce-media.elonce.com\/fotos\/2026\/09\/05\/m_1788577490_77620.webp\"]}<\/script><\/p>\n","protected":false},"excerpt":{"rendered":"<p>El 11 de septiembre se realizan en Paran\u00e1 las Jornadas Entrerrianas de Fibrosis Qu\u00edstica, con modalidad presencial y virtual y entrada gratuita.<\/p>\n","protected":false},"author":5,"featured_media":61330,"comment_status":"closed","ping_status":"closed","sticky":false,"template":"","format":"standard","meta":{"footnotes":""},"categories":[37],"tags":[63,1138,4815,67,87],"_links":{"self":[{"href":"https:\/\/lt15concordia.com.ar\/index.php\/wp-json\/wp\/v2\/posts\/61331"}],"collection":[{"href":"https:\/\/lt15concordia.com.ar\/index.php\/wp-json\/wp\/v2\/posts"}],"about":[{"href":"https:\/\/lt15concordia.com.ar\/index.php\/wp-json\/wp\/v2\/types\/post"}],"author":[{"embeddable":true,"href":"https:\/\/lt15concordia.com.ar\/index.php\/wp-json\/wp\/v2\/users\/5"}],"replies":[{"embeddable":true,"href":"https:\/\/lt15concordia.com.ar\/index.php\/wp-json\/wp\/v2\/comments?post=61331"}],"version-history":[{"count":2,"href":"https:\/\/lt15concordia.com.ar\/index.php\/wp-json\/wp\/v2\/posts\/61331\/revisions"}],"predecessor-version":[{"id":61333,"href":"https:\/\/lt15concordia.com.ar\/index.php\/wp-json\/wp\/v2\/posts\/61331\/revisions\/61333"}],"wp:featuredmedia":[{"embeddable":true,"href":"https:\/\/lt15concordia.com.ar\/index.php\/wp-json\/wp\/v2\/media\/61330"}],"wp:attachment":[{"href":"https:\/\/lt15concordia.com.ar\/index.php\/wp-json\/wp\/v2\/media?parent=61331"}],"wp:term":[{"taxonomy":"category","embeddable":true,"href":"https:\/\/lt15concordia.com.ar\/index.php\/wp-json\/wp\/v2\/categories?post=61331"},{"taxonomy":"post_tag","embeddable":true,"href":"https:\/\/lt15concordia.com.ar\/index.php\/wp-json\/wp\/v2\/tags?post=61331"}],"curies":[{"name":"wp","href":"https:\/\/api.w.org\/{rel}","templated":true}]}}