{"id":61323,"date":"2026-09-04T22:34:17","date_gmt":"2026-09-05T01:34:17","guid":{"rendered":"https:\/\/lt15concordia.com.ar\/?p=61323"},"modified":"2026-09-04T22:34:28","modified_gmt":"2026-09-05T01:34:28","slug":"choque-fatal-en-rio-negro-dos-adultos-mayores-murieron-en-ruta-22","status":"publish","type":"post","link":"https:\/\/lt15concordia.com.ar\/index.php\/2026\/09\/04\/choque-fatal-en-rio-negro-dos-adultos-mayores-murieron-en-ruta-22\/","title":{"rendered":"Choque fatal en R\u00edo Negro: dos adultos mayores murieron en Ruta 22"},"content":{"rendered":"<p>Dos vidas se apagaron en la <strong>Ruta 22<\/strong>, en la provincia de <strong>R\u00edo Negro<\/strong>. Un choque fatal cerca de <strong>R\u00edo Colorado<\/strong> cobr\u00f3 la vida de una mujer de <strong>72 a\u00f1os<\/strong> y un hombre de <strong>81<\/strong>, que viajaban juntos en el mismo autom\u00f3vil.<\/p>\n<p>Seg\u00fan los datos del hecho, el veh\u00edculo en el que se desplazaba la pareja impact\u00f3 de manera <strong>semifrontal<\/strong> contra una camioneta. El conductor de esa camioneta result\u00f3 <strong>herido<\/strong>, aunque no se precis\u00f3 el grado de gravedad de sus lesiones.<\/p>\n<p>El tramo de la <strong>Ruta 22<\/strong> donde ocurri\u00f3 el siniestro es una de las arterias viales m\u00e1s transitadas del sur argentino, y los accidentes en esa zona no son infrecuentes. Que dos personas mayores pierdan la vida en un choque de estas caracter\u00edsticas es un recordatorio brutal de lo que cuesta cada segundo de distracci\u00f3n o descuido al volante.<\/p>\n<p>Las autoridades de <strong>R\u00edo Negro<\/strong> intervinieron en el lugar para relevar la escena y determinar las causas exactas del impacto. La investigaci\u00f3n est\u00e1 en curso.<\/p>\n<p><script type=\"application\/ld+json\">{\"@context\": \"https:\/\/schema.org\", \"@type\": \"NewsArticle\", \"headline\": \"Choque fatal en R\u00edo Negro: dos adultos mayores murieron en Ruta 22\", \"description\": \"Una pareja de 72 y 81 a\u00f1os muri\u00f3 tras un impacto semifrontal entre un auto y una camioneta cerca de R\u00edo Colorado, en R\u00edo Negro.\", \"datePublished\": \"2026-09-04T22:34:28-03:00\", \"dateModified\": \"2026-09-04T22:34:28-03:00\", \"inLanguage\": \"es-AR\", \"articleSection\": \"seguridad\", \"author\": {\"@type\": \"Organization\", \"name\": \"Redaccion LT15 Concordia\", \"url\": \"https:\/\/lt15concordia.com.ar\"}, \"publisher\": {\"@type\": \"Organization\", \"name\": \"LT15 Concordia\"}, \"mainEntityOfPage\": {\"@type\": \"WebPage\", \"@id\": \"https:\/\/lt15concordia.com.ar\/index.php\/2026\/09\/04\/choque-fatal-en-rio-negro-dos-adultos-mayores-murieron-en-ruta-22\/\"}, \"image\": [\"https:\/\/elonce-media.elonce.com\/fotos\/2026\/09\/04\/m_1788570445_38481.webp\"]}<\/script><\/p>\n","protected":false},"excerpt":{"rendered":"<p>Una pareja de 72 y 81 a\u00f1os muri\u00f3 tras un impacto semifrontal entre un auto y una camioneta cerca de R\u00edo Colorado, en R\u00edo Negro.<\/p>\n","protected":false},"author":5,"featured_media":61322,"comment_status":"closed","ping_status":"closed","sticky":false,"template":"","format":"standard","meta":{"footnotes":""},"categories":[89,33],"tags":[2166,3280,4813,4325,2077],"_links":{"self":[{"href":"https:\/\/lt15concordia.com.ar\/index.php\/wp-json\/wp\/v2\/posts\/61323"}],"collection":[{"href":"https:\/\/lt15concordia.com.ar\/index.php\/wp-json\/wp\/v2\/posts"}],"about":[{"href":"https:\/\/lt15concordia.com.ar\/index.php\/wp-json\/wp\/v2\/types\/post"}],"author":[{"embeddable":true,"href":"https:\/\/lt15concordia.com.ar\/index.php\/wp-json\/wp\/v2\/users\/5"}],"replies":[{"embeddable":true,"href":"https:\/\/lt15concordia.com.ar\/index.php\/wp-json\/wp\/v2\/comments?post=61323"}],"version-history":[{"count":2,"href":"https:\/\/lt15concordia.com.ar\/index.php\/wp-json\/wp\/v2\/posts\/61323\/revisions"}],"predecessor-version":[{"id":61325,"href":"https:\/\/lt15concordia.com.ar\/index.php\/wp-json\/wp\/v2\/posts\/61323\/revisions\/61325"}],"wp:featuredmedia":[{"embeddable":true,"href":"https:\/\/lt15concordia.com.ar\/index.php\/wp-json\/wp\/v2\/media\/61322"}],"wp:attachment":[{"href":"https:\/\/lt15concordia.com.ar\/index.php\/wp-json\/wp\/v2\/media?parent=61323"}],"wp:term":[{"taxonomy":"category","embeddable":true,"href":"https:\/\/lt15concordia.com.ar\/index.php\/wp-json\/wp\/v2\/categories?post=61323"},{"taxonomy":"post_tag","embeddable":true,"href":"https:\/\/lt15concordia.com.ar\/index.php\/wp-json\/wp\/v2\/tags?post=61323"}],"curies":[{"name":"wp","href":"https:\/\/api.w.org\/{rel}","templated":true}]}}