{"id":61315,"date":"2026-09-04T21:32:11","date_gmt":"2026-09-05T00:32:11","guid":{"rendered":"https:\/\/lt15concordia.com.ar\/?p=61315"},"modified":"2026-09-04T21:32:23","modified_gmt":"2026-09-05T00:32:23","slug":"no-pido-venganza-pido-justicia-el-grito-de-la-mama-en-el-caso-orrico","status":"publish","type":"post","link":"https:\/\/lt15concordia.com.ar\/index.php\/2026\/09\/04\/no-pido-venganza-pido-justicia-el-grito-de-la-mama-en-el-caso-orrico\/","title":{"rendered":"&#8220;No pido venganza, pido justicia&#8221;: el grito de la mam\u00e1 en el caso Orrico"},"content":{"rendered":"<p>Hay palabras que pesan m\u00e1s que cualquier alegato. <strong>&#8220;No pido venganza, pido justicia&#8221;<\/strong>: eso escribi\u00f3 la madre de <strong>Lucas y Brian<\/strong>, dos de las cuatro v\u00edctimas del choque que protagoniz\u00f3 el <strong>exfuncionario Orrico<\/strong> en la <strong>Ruta 39<\/strong>. Un mensaje corto, sin adornos, que resume meses de dolor y espera.<\/p>\n<p>La mujer public\u00f3 sus palabras luego de conocerse que la <strong>pr\u00f3xima audiencia del caso qued\u00f3 fijada para el 23 de septiembre<\/strong>. Una fecha m\u00e1s en un calendario que, para ella, se mide en ausencias y en la angustia de no saber cu\u00e1ndo va a haber una resoluci\u00f3n definitiva. Porque la condena, si es que existe, <strong>todav\u00eda no est\u00e1 firme<\/strong>.<\/p>\n<p>El caso Orrico sacudi\u00f3 a la provincia. Un exfuncionario al volante, cuatro personas muertas, y un proceso judicial que avanza con la lentitud que suele desesperar a las familias que esperan del otro lado. \u00bfCu\u00e1nto tiempo m\u00e1s tiene que esperar una madre para que la Justicia diga su \u00faltima palabra?<\/p>\n<p>El mensaje que eligi\u00f3 hacer p\u00fablico no tiene reproches elaborados ni discursos pol\u00edticos. Tiene la simpleza brutal de quien perdi\u00f3 a dos hijos en un instante y todav\u00eda est\u00e1 de pie, exigiendo que el sistema cumpla con lo que promete. <strong>Justicia, no venganza<\/strong>: una distinci\u00f3n que dice mucho sobre la dignidad con la que esta familia atraviesa una tragedia que no deber\u00eda haberle tocado.<\/p>\n<p>La audiencia del <strong>23 de septiembre<\/strong> ser\u00e1 el pr\u00f3ximo paso en un expediente que a\u00fan no lleg\u00f3 a su fin. Mientras tanto, la voz de esa madre sigue resonando como el recordatorio m\u00e1s claro de lo que est\u00e1 en juego cada vez que una causa judicial se demora.<\/p>\n<p><script type=\"application\/ld+json\">{\"@context\": \"https:\/\/schema.org\", \"@type\": \"NewsArticle\", \"headline\": \"\\\"No pido venganza, pido justicia\\\": el grito de la mam\u00e1 en el caso Orrico\", \"description\": \"La madre de Lucas y Brian, dos v\u00edctimas del choque con el exfuncionario en la Ruta 39, public\u00f3 un mensaje desgarrador. La pr\u00f3xima audiencia es el 23 de septiembre.\", \"datePublished\": \"2026-09-04T21:32:23-03:00\", \"dateModified\": \"2026-09-04T21:32:23-03:00\", \"inLanguage\": \"es-AR\", \"articleSection\": \"seguridad\", \"author\": {\"@type\": \"Organization\", \"name\": \"Redaccion LT15 Concordia\", \"url\": \"https:\/\/lt15concordia.com.ar\"}, \"publisher\": {\"@type\": \"Organization\", \"name\": \"LT15 Concordia\"}, \"mainEntityOfPage\": {\"@type\": \"WebPage\", \"@id\": \"https:\/\/lt15concordia.com.ar\/index.php\/2026\/09\/04\/no-pido-venganza-pido-justicia-el-grito-de-la-mama-en-el-caso-orrico\/\"}, \"image\": [\"https:\/\/elonce-media.elonce.com\/fotos\/2026\/09\/04\/m_1788567310_44507.webp\"]}<\/script><\/p>\n","protected":false},"excerpt":{"rendered":"<p>La madre de Lucas y Brian, dos v\u00edctimas del choque con el exfuncionario en la Ruta 39, public\u00f3 un mensaje desgarrador. La pr\u00f3xima audiencia es el 23 de septiembre.<\/p>\n","protected":false},"author":5,"featured_media":61314,"comment_status":"closed","ping_status":"closed","sticky":false,"template":"","format":"standard","meta":{"footnotes":""},"categories":[33,37],"tags":[2166,4265,63,150,1360],"_links":{"self":[{"href":"https:\/\/lt15concordia.com.ar\/index.php\/wp-json\/wp\/v2\/posts\/61315"}],"collection":[{"href":"https:\/\/lt15concordia.com.ar\/index.php\/wp-json\/wp\/v2\/posts"}],"about":[{"href":"https:\/\/lt15concordia.com.ar\/index.php\/wp-json\/wp\/v2\/types\/post"}],"author":[{"embeddable":true,"href":"https:\/\/lt15concordia.com.ar\/index.php\/wp-json\/wp\/v2\/users\/5"}],"replies":[{"embeddable":true,"href":"https:\/\/lt15concordia.com.ar\/index.php\/wp-json\/wp\/v2\/comments?post=61315"}],"version-history":[{"count":2,"href":"https:\/\/lt15concordia.com.ar\/index.php\/wp-json\/wp\/v2\/posts\/61315\/revisions"}],"predecessor-version":[{"id":61317,"href":"https:\/\/lt15concordia.com.ar\/index.php\/wp-json\/wp\/v2\/posts\/61315\/revisions\/61317"}],"wp:featuredmedia":[{"embeddable":true,"href":"https:\/\/lt15concordia.com.ar\/index.php\/wp-json\/wp\/v2\/media\/61314"}],"wp:attachment":[{"href":"https:\/\/lt15concordia.com.ar\/index.php\/wp-json\/wp\/v2\/media?parent=61315"}],"wp:term":[{"taxonomy":"category","embeddable":true,"href":"https:\/\/lt15concordia.com.ar\/index.php\/wp-json\/wp\/v2\/categories?post=61315"},{"taxonomy":"post_tag","embeddable":true,"href":"https:\/\/lt15concordia.com.ar\/index.php\/wp-json\/wp\/v2\/tags?post=61315"}],"curies":[{"name":"wp","href":"https:\/\/api.w.org\/{rel}","templated":true}]}}