{"id":61311,"date":"2026-09-04T21:31:25","date_gmt":"2026-09-05T00:31:25","guid":{"rendered":"https:\/\/lt15concordia.com.ar\/?p=61311"},"modified":"2026-09-04T21:31:36","modified_gmt":"2026-09-05T00:31:36","slug":"paro-universitario-nacional-el-martes-8-de-septiembre","status":"publish","type":"post","link":"https:\/\/lt15concordia.com.ar\/index.php\/2026\/09\/04\/paro-universitario-nacional-el-martes-8-de-septiembre\/","title":{"rendered":"Paro universitario nacional el martes 8 de septiembre"},"content":{"rendered":"<p>Otra semana, otra medida de fuerza. Las <strong>universidades nacionales<\/strong> tendr\u00e1n un nuevo paro el pr\u00f3ximo <strong>martes 8 de septiembre<\/strong>, con una convocatoria que abarca tanto a <strong>docentes<\/strong> como a <strong>nodocentes<\/strong>.<\/p>\n<p>La amplitud del paro es lo que le da peso a esta medida: no se trata solo de clases suspendidas. Al sumarse el personal nodocente, quedan comprometidas tambi\u00e9n las <strong>actividades administrativas, t\u00e9cnicas y de servicios<\/strong>, lo que significa que la universidad entera frena, no solo el aula.<\/p>\n<p>Para los estudiantes que tienen cursadas, ex\u00e1menes o tr\u00e1mites pendientes el martes, la recomendaci\u00f3n es clara: <strong>chequear con anticipaci\u00f3n<\/strong> el estado de las actividades en cada unidad acad\u00e9mica, porque la afectaci\u00f3n puede variar seg\u00fan la instituci\u00f3n y el grado de adhesi\u00f3n.<\/p>\n<p>El conflicto en el sistema universitario nacional lleva meses de tensi\u00f3n acumulada, con reclamos salariales y presupuestarios que no encuentran respuesta definitiva. Este nuevo paro es una se\u00f1al de que la paciencia del sector tiene l\u00edmites, y que el <strong>8 de septiembre<\/strong> esos l\u00edmites se van a hacer sentir.<\/p>\n<p><script type=\"application\/ld+json\">{\"@context\": \"https:\/\/schema.org\", \"@type\": \"NewsArticle\", \"headline\": \"Paro universitario nacional el martes 8 de septiembre\", \"description\": \"Docentes y nodocentes de universidades nacionales parar\u00e1n el martes 8. Se ver\u00e1n afectadas clases y actividades administrativas.\", \"datePublished\": \"2026-09-04T21:31:35-03:00\", \"dateModified\": \"2026-09-04T21:31:35-03:00\", \"inLanguage\": \"es-AR\", \"articleSection\": \"educacion\", \"author\": {\"@type\": \"Organization\", \"name\": \"Redaccion LT15 Concordia\", \"url\": \"https:\/\/lt15concordia.com.ar\"}, \"publisher\": {\"@type\": \"Organization\", \"name\": \"LT15 Concordia\"}, \"mainEntityOfPage\": {\"@type\": \"WebPage\", \"@id\": \"https:\/\/lt15concordia.com.ar\/index.php\/2026\/09\/04\/paro-universitario-nacional-el-martes-8-de-septiembre\/\"}, \"image\": [\"https:\/\/elonce-media.elonce.com\/fotos\/2026\/03\/28\/m_1774723831_81776.webp\"]}<\/script><\/p>\n","protected":false},"excerpt":{"rendered":"<p>Docentes y nodocentes de universidades nacionales parar\u00e1n el martes 8. Se ver\u00e1n afectadas clases y actividades administrativas.<\/p>\n","protected":false},"author":5,"featured_media":61310,"comment_status":"closed","ping_status":"closed","sticky":false,"template":"","format":"standard","meta":{"footnotes":""},"categories":[89],"tags":[268,3088,4812,529,4074],"_links":{"self":[{"href":"https:\/\/lt15concordia.com.ar\/index.php\/wp-json\/wp\/v2\/posts\/61311"}],"collection":[{"href":"https:\/\/lt15concordia.com.ar\/index.php\/wp-json\/wp\/v2\/posts"}],"about":[{"href":"https:\/\/lt15concordia.com.ar\/index.php\/wp-json\/wp\/v2\/types\/post"}],"author":[{"embeddable":true,"href":"https:\/\/lt15concordia.com.ar\/index.php\/wp-json\/wp\/v2\/users\/5"}],"replies":[{"embeddable":true,"href":"https:\/\/lt15concordia.com.ar\/index.php\/wp-json\/wp\/v2\/comments?post=61311"}],"version-history":[{"count":2,"href":"https:\/\/lt15concordia.com.ar\/index.php\/wp-json\/wp\/v2\/posts\/61311\/revisions"}],"predecessor-version":[{"id":61313,"href":"https:\/\/lt15concordia.com.ar\/index.php\/wp-json\/wp\/v2\/posts\/61311\/revisions\/61313"}],"wp:featuredmedia":[{"embeddable":true,"href":"https:\/\/lt15concordia.com.ar\/index.php\/wp-json\/wp\/v2\/media\/61310"}],"wp:attachment":[{"href":"https:\/\/lt15concordia.com.ar\/index.php\/wp-json\/wp\/v2\/media?parent=61311"}],"wp:term":[{"taxonomy":"category","embeddable":true,"href":"https:\/\/lt15concordia.com.ar\/index.php\/wp-json\/wp\/v2\/categories?post=61311"},{"taxonomy":"post_tag","embeddable":true,"href":"https:\/\/lt15concordia.com.ar\/index.php\/wp-json\/wp\/v2\/tags?post=61311"}],"curies":[{"name":"wp","href":"https:\/\/api.w.org\/{rel}","templated":true}]}}