{"id":61305,"date":"2026-09-04T20:32:52","date_gmt":"2026-09-04T23:32:52","guid":{"rendered":"https:\/\/lt15concordia.com.ar\/?p=61305"},"modified":"2026-09-04T20:33:03","modified_gmt":"2026-09-04T23:33:03","slug":"urribarri-y-baez-piden-domiciliaria-antes-de-ir-a-la-carcel","status":"publish","type":"post","link":"https:\/\/lt15concordia.com.ar\/index.php\/2026\/09\/04\/urribarri-y-baez-piden-domiciliaria-antes-de-ir-a-la-carcel\/","title":{"rendered":"Urribarri y B\u00e1ez piden domiciliaria antes de ir a la c\u00e1rcel"},"content":{"rendered":"<p>El reloj corre y los abogados lo saben. Apenas la <strong>Corte Suprema de Justicia de la Naci\u00f3n<\/strong> declar\u00f3 inadmisible el recurso extraordinario de los condenados en el <strong>Megajuicio de 2022<\/strong>, las defensas de <strong>Sergio Urribarri<\/strong> y de <strong>Pedro B\u00e1ez<\/strong> salieron a pedir arresto domiciliario antes de que se concrete el traslado a la <strong>Unidad Penal N\u00b0 1 de Paran\u00e1<\/strong>.<\/p>\n<p>Los fiscales <strong>Patricia Yedro<\/strong> y <strong>Gonzalo Badano<\/strong> ya hab\u00edan solicitado formalmente este jueves al <strong>Tribunal de Juicios y Apelaciones de Paran\u00e1<\/strong> la detenci\u00f3n inmediata y el traslado a prisi\u00f3n de los tres condenados: el exgobernador Urribarri, actualmente en su domicilio de <strong>calle Garat 291 de Concordia<\/strong>; <strong>Juan Pablo Aguilera<\/strong>, en <strong>General Campos, departamento San Salvador<\/strong>; y B\u00e1ez, quien ya cumpl\u00eda prisi\u00f3n domiciliaria en <strong>calle Juan Manuel Jozami 2123 de la ciudad de Paran\u00e1<\/strong>.<\/p>\n<p>Los vocales <strong>Mar\u00eda Carolina Castagno<\/strong> y <strong>Juli\u00e1n Carlos Vergara<\/strong> receptaron el pedido fiscal pero lo elevaron a la <strong>Sala Penal del Superior Tribunal de Justicia<\/strong>, aguardando la notificaci\u00f3n formal del fallo de la Corte. Seg\u00fan inform\u00f3 la secretaria de esa Sala, <strong>Melina Arduino<\/strong>, al <strong>3 de septiembre de 2026<\/strong> la sentencia ya estaba publicada en el sistema web del Poder Judicial de la Naci\u00f3n, aunque a\u00fan no hab\u00eda llegado la comunicaci\u00f3n oficial por el sistema DEOX. Fuentes judiciales indicaron que ese tr\u00e1mite demora entre <strong>24 y 72 horas<\/strong>, por lo que el diligenciamiento de las detenciones ser\u00eda inminente.<\/p>\n<p>Antes de que el Tribunal resuelva, las defensas se apuraron a presentar sus escritos. La de Urribarri argument\u00f3 que el exgobernador <strong>\u00abcumpli\u00f3 de manera estricta\u00bb<\/strong> la restricci\u00f3n de no salir de Concordia, sin registrar incumplimientos, y que actualmente <strong>\u00abcursa un cuadro de trastorno de estr\u00e9s postraum\u00e1tico\u00bb<\/strong> seg\u00fan diagn\u00f3stico del psiquiatra <strong>Julio H. Curotto<\/strong>. Sostienen que ese cuadro cl\u00ednico encuadra en las previsiones legales que habilitan la morigeraci\u00f3n de la pena en el domicilio, donde lo acompa\u00f1a su esposa, <strong>Ana L\u00eda Aguilera<\/strong>.<\/p>\n<p>En el caso de <strong>Pedro B\u00e1ez<\/strong>, la defensa describi\u00f3 un cuadro de <strong>diarrea cr\u00f3nica, dolor abdominal y p\u00e9rdida de peso importante<\/strong>, con s\u00edntomas que se habr\u00edan agravado en el \u00faltimo a\u00f1o seg\u00fan el m\u00e9dico tratante <strong>Jos\u00e9 Luis Cittadino<\/strong>. Los abogados cuestionaron adem\u00e1s las condiciones de la Unidad Penal de Paran\u00e1, se\u00f1alando el hacinamiento y el estado edilicio, e invocaron la <strong>Convenci\u00f3n Interamericana sobre Protecci\u00f3n de los Derechos Humanos<\/strong> para sostener que el encierro all\u00ed no garantizar\u00eda un tratamiento adecuado.<\/p>\n<p>Urribarri fue condenado el <strong>7 de abril de 2022<\/strong> a <strong>8 a\u00f1os de prisi\u00f3n<\/strong>; B\u00e1ez y Aguilera, a <strong>6 a\u00f1os y 6 meses<\/strong> cada uno. Ahora, con el fallo de la Corte cerrando la \u00faltima puerta recursiva, la resoluci\u00f3n del Tribunal sobre estos pedidos de domiciliaria definir\u00e1 si los condenados van efectivamente a la c\u00e1rcel o logran una nueva pr\u00f3rroga de sus condenas en sus propios hogares.<\/p>\n<p><script type=\"application\/ld+json\">{\"@context\": \"https:\/\/schema.org\", \"@type\": \"NewsArticle\", \"headline\": \"Urribarri y B\u00e1ez piden domiciliaria antes de ir a la c\u00e1rcel\", \"description\": \"Las defensas del exgobernador y del exfuncionario presentaron escritos para evitar el traslado a la Unidad Penal de Paran\u00e1 tras el fallo de la Corte Suprema.\", \"datePublished\": \"2026-09-04T20:33:02-03:00\", \"dateModified\": \"2026-09-04T20:33:02-03:00\", \"inLanguage\": \"es-AR\", \"articleSection\": \"politica\", \"author\": {\"@type\": \"Organization\", \"name\": \"Redaccion LT15 Concordia\", \"url\": \"https:\/\/lt15concordia.com.ar\"}, \"publisher\": {\"@type\": \"Organization\", \"name\": \"LT15 Concordia\"}, \"mainEntityOfPage\": {\"@type\": \"WebPage\", \"@id\": \"https:\/\/lt15concordia.com.ar\/index.php\/2026\/09\/04\/urribarri-y-baez-piden-domiciliaria-antes-de-ir-a-la-carcel\/\"}, \"image\": [\"https:\/\/www.diariojunio.com.ar\/wp-content\/uploads\/2026\/09\/urribarri-baez.jpg\"]}<\/script><\/p>\n","protected":false},"excerpt":{"rendered":"<p>Las defensas del exgobernador y del exfuncionario presentaron escritos para evitar el traslado a la Unidad Penal de Paran\u00e1 tras el fallo de la Corte Suprema.<\/p>\n","protected":false},"author":5,"featured_media":61304,"comment_status":"closed","ping_status":"closed","sticky":false,"template":"","format":"standard","meta":{"footnotes":""},"categories":[37],"tags":[1751,63,1603,67,3219,272],"_links":{"self":[{"href":"https:\/\/lt15concordia.com.ar\/index.php\/wp-json\/wp\/v2\/posts\/61305"}],"collection":[{"href":"https:\/\/lt15concordia.com.ar\/index.php\/wp-json\/wp\/v2\/posts"}],"about":[{"href":"https:\/\/lt15concordia.com.ar\/index.php\/wp-json\/wp\/v2\/types\/post"}],"author":[{"embeddable":true,"href":"https:\/\/lt15concordia.com.ar\/index.php\/wp-json\/wp\/v2\/users\/5"}],"replies":[{"embeddable":true,"href":"https:\/\/lt15concordia.com.ar\/index.php\/wp-json\/wp\/v2\/comments?post=61305"}],"version-history":[{"count":2,"href":"https:\/\/lt15concordia.com.ar\/index.php\/wp-json\/wp\/v2\/posts\/61305\/revisions"}],"predecessor-version":[{"id":61307,"href":"https:\/\/lt15concordia.com.ar\/index.php\/wp-json\/wp\/v2\/posts\/61305\/revisions\/61307"}],"wp:featuredmedia":[{"embeddable":true,"href":"https:\/\/lt15concordia.com.ar\/index.php\/wp-json\/wp\/v2\/media\/61304"}],"wp:attachment":[{"href":"https:\/\/lt15concordia.com.ar\/index.php\/wp-json\/wp\/v2\/media?parent=61305"}],"wp:term":[{"taxonomy":"category","embeddable":true,"href":"https:\/\/lt15concordia.com.ar\/index.php\/wp-json\/wp\/v2\/categories?post=61305"},{"taxonomy":"post_tag","embeddable":true,"href":"https:\/\/lt15concordia.com.ar\/index.php\/wp-json\/wp\/v2\/tags?post=61305"}],"curies":[{"name":"wp","href":"https:\/\/api.w.org\/{rel}","templated":true}]}}