{"id":61293,"date":"2026-09-04T19:32:35","date_gmt":"2026-09-04T22:32:35","guid":{"rendered":"https:\/\/lt15concordia.com.ar\/?p=61293"},"modified":"2026-09-04T19:32:45","modified_gmt":"2026-09-04T22:32:45","slug":"colombia-cayo-el-francotirador-del-eln-que-planeo-un-atentado-contra-el-presiden","status":"publish","type":"post","link":"https:\/\/lt15concordia.com.ar\/index.php\/2026\/09\/04\/colombia-cayo-el-francotirador-del-eln-que-planeo-un-atentado-contra-el-presiden\/","title":{"rendered":"Colombia: cay\u00f3 el francotirador del ELN que plane\u00f3 un atentado contra el presidente"},"content":{"rendered":"<p>Un operativo de inteligencia en <strong>Oca\u00f1a, Norte de Santander<\/strong>, termin\u00f3 con la captura de <strong>Dairo Ferizzola Rojas<\/strong>, conocido como <em>alias<\/em> <strong>Firu<\/strong> o <strong>Firulais<\/strong>, presunto integrante del <strong>Frente Camilo Torres Restrepo del ELN<\/strong>. La detenci\u00f3n se concret\u00f3 este <strong>4 de septiembre de 2026<\/strong> y sacudi\u00f3 la escena pol\u00edtica colombiana: el hombre es se\u00f1alado de haber participado en la planificaci\u00f3n de un atentado contra el mism\u00edsimo presidente de Colombia.<\/p>\n<p>La <strong>Polic\u00eda Nacional de Colombia<\/strong> confirm\u00f3 que Ferizzola Rojas ser\u00eda especialista en acciones de <strong>francotirador<\/strong>. El operativo estuvo a cargo de unidades de Inteligencia y de la <strong>Direcci\u00f3n de Investigaci\u00f3n Criminal e Interpol (Dij\u00edn)<\/strong>, en el marco de la llamada <strong>Operaci\u00f3n Esparta<\/strong>. No es un detenido menor: seg\u00fan las autoridades, habr\u00eda sido designado por el <strong>Estado Mayor del Frente de Guerra Nororiental<\/strong> para ejecutar la acci\u00f3n armada.<\/p>\n<p>El propio <strong>presidente Abelardo de la Espriella<\/strong> sali\u00f3 a confirmar la captura a trav\u00e9s de su cuenta de <strong>X<\/strong>: <strong>&#8220;Capturado el francotirador del ELN que particip\u00f3 en la planeaci\u00f3n de un atentado contra mi vida&#8221;<\/strong>, escribi\u00f3, y agreg\u00f3 que la informaci\u00f3n de inteligencia indica que el detenido fue designado espec\u00edficamente para planear y ejecutar un ataque en su contra. Una declaraci\u00f3n que, por su crudeza, no deja mucho margen para la interpretaci\u00f3n.<\/p>\n<p>El caso pone en primer plano la persistente amenaza que el <strong>ELN<\/strong> representa para la institucionalidad colombiana, aun en un contexto donde el gobierno hab\u00eda intentado mantener canales de di\u00e1logo con la guerrilla. La captura de un operativo con perfil de francotirador, se\u00f1alado de apuntar al jefe de Estado, es una se\u00f1al de hasta d\u00f3nde puede escalar la tensi\u00f3n. La investigaci\u00f3n contin\u00faa en desarrollo.<\/p>\n<p><script type=\"application\/ld+json\">{\"@context\": \"https:\/\/schema.org\", \"@type\": \"NewsArticle\", \"headline\": \"Colombia: cay\u00f3 el francotirador del ELN que plane\u00f3 un atentado contra el presidente\", \"description\": \"La Polic\u00eda colombiana captur\u00f3 a Dairo Ferizzola Rojas, alias Firu, se\u00f1alado de planear un ataque contra el presidente Abelardo de la Espriella.\", \"datePublished\": \"2026-09-04T19:32:45-03:00\", \"dateModified\": \"2026-09-04T19:32:45-03:00\", \"inLanguage\": \"es-AR\", \"articleSection\": \"internacionales\", \"author\": {\"@type\": \"Organization\", \"name\": \"Redaccion LT15 Concordia\", \"url\": \"https:\/\/lt15concordia.com.ar\"}, \"publisher\": {\"@type\": \"Organization\", \"name\": \"LT15 Concordia\"}, \"mainEntityOfPage\": {\"@type\": \"WebPage\", \"@id\": \"https:\/\/lt15concordia.com.ar\/index.php\/2026\/09\/04\/colombia-cayo-el-francotirador-del-eln-que-planeo-un-atentado-contra-el-presiden\/\"}, \"image\": [\"https:\/\/www.infobae.com\/resizer\/v2\/OKG3OZ535JCYJP2F52VSC4JZ7E.png?auth=d013533b828346003586aedb5b2f765fa314cb92b372f5a4aec073776bd43d5a&smart=true&width=1182&height=692\"]}<\/script><\/p>\n","protected":false},"excerpt":{"rendered":"<p>La Polic\u00eda colombiana captur\u00f3 a Dairo Ferizzola Rojas, alias Firu, se\u00f1alado de planear un ataque contra el presidente Abelardo de la Espriella.<\/p>\n","protected":false},"author":5,"featured_media":61292,"comment_status":"closed","ping_status":"closed","sticky":false,"template":"","format":"standard","meta":{"footnotes":""},"categories":[89],"tags":[2540,3374,2538,4807,4808,4809],"_links":{"self":[{"href":"https:\/\/lt15concordia.com.ar\/index.php\/wp-json\/wp\/v2\/posts\/61293"}],"collection":[{"href":"https:\/\/lt15concordia.com.ar\/index.php\/wp-json\/wp\/v2\/posts"}],"about":[{"href":"https:\/\/lt15concordia.com.ar\/index.php\/wp-json\/wp\/v2\/types\/post"}],"author":[{"embeddable":true,"href":"https:\/\/lt15concordia.com.ar\/index.php\/wp-json\/wp\/v2\/users\/5"}],"replies":[{"embeddable":true,"href":"https:\/\/lt15concordia.com.ar\/index.php\/wp-json\/wp\/v2\/comments?post=61293"}],"version-history":[{"count":2,"href":"https:\/\/lt15concordia.com.ar\/index.php\/wp-json\/wp\/v2\/posts\/61293\/revisions"}],"predecessor-version":[{"id":61295,"href":"https:\/\/lt15concordia.com.ar\/index.php\/wp-json\/wp\/v2\/posts\/61293\/revisions\/61295"}],"wp:featuredmedia":[{"embeddable":true,"href":"https:\/\/lt15concordia.com.ar\/index.php\/wp-json\/wp\/v2\/media\/61292"}],"wp:attachment":[{"href":"https:\/\/lt15concordia.com.ar\/index.php\/wp-json\/wp\/v2\/media?parent=61293"}],"wp:term":[{"taxonomy":"category","embeddable":true,"href":"https:\/\/lt15concordia.com.ar\/index.php\/wp-json\/wp\/v2\/categories?post=61293"},{"taxonomy":"post_tag","embeddable":true,"href":"https:\/\/lt15concordia.com.ar\/index.php\/wp-json\/wp\/v2\/tags?post=61293"}],"curies":[{"name":"wp","href":"https:\/\/api.w.org\/{rel}","templated":true}]}}