{"id":61273,"date":"2026-09-04T18:32:41","date_gmt":"2026-09-04T21:32:41","guid":{"rendered":"https:\/\/lt15concordia.com.ar\/?p=61273"},"modified":"2026-09-04T18:32:52","modified_gmt":"2026-09-04T21:32:52","slug":"diarco-suma-tres-cierres-en-un-mes-despidos-y-sucursales-que-bajan-la-persiana","status":"publish","type":"post","link":"https:\/\/lt15concordia.com.ar\/index.php\/2026\/09\/04\/diarco-suma-tres-cierres-en-un-mes-despidos-y-sucursales-que-bajan-la-persiana\/","title":{"rendered":"Diarco suma tres cierres en un mes: despidos y sucursales que bajan la persiana"},"content":{"rendered":"<p>No fue un tropiezo aislado. <strong>Diarco<\/strong> cerr\u00f3 definitivamente otra sucursal y ya acumula <strong>tres ceses de operaciones en menos de un mes<\/strong>, en lo que empieza a parecerse a un achique sistem\u00e1tico de la cadena mayorista en la regi\u00f3n.<\/p>\n<p>La \u00faltima baja dej\u00f3 en la calle a <strong>cerca de 30 trabajadores<\/strong>, que se suman a los afectados por los cierres anteriores. Porque esto no empez\u00f3 ahora: antes de este \u00faltimo golpe, <strong>Diarco ya hab\u00eda clausurado sus locales en Gualeguaych\u00fa y en Concordia<\/strong>, dos plazas con peso propio en el comercio entrerriano.<\/p>\n<p>Tres locales en treinta d\u00edas. El n\u00famero habla solo y la pregunta que nadie en la empresa parece querer responder es cu\u00e1ntos m\u00e1s van a seguir. Cada cierre arrastra familias, alquileres, proveedores locales y toda una cadena que se corta de un d\u00eda para el otro.<\/p>\n<p>El sector mayorista ven\u00eda sosteniendo un equilibrio fr\u00e1gil en un contexto de consumo deprimido y costos que no paran. Pero lo que muestra el caso Diarco es que ese equilibrio, para algunos actores, ya se rompi\u00f3. <strong>Tres sucursales menos, decenas de empleos perdidos<\/strong> y una se\u00f1al que el mercado va a leer con atenci\u00f3n en las pr\u00f3ximas semanas.<\/p>\n<p>Por ahora, no hubo comunicado oficial de la empresa ni precisiones sobre si el proceso de achique contin\u00faa o si estas son las \u00faltimas bajas. Lo que s\u00ed es concreto es que <strong>los trabajadores despedidos enfrentan una situaci\u00f3n urgente<\/strong> mientras esperan definiciones que, hasta el momento, no llegaron.<\/p>\n<p><script type=\"application\/ld+json\">{\"@context\": \"https:\/\/schema.org\", \"@type\": \"NewsArticle\", \"headline\": \"Diarco suma tres cierres en un mes: despidos y sucursales que bajan la persiana\", \"description\": \"La cadena mayorista cerr\u00f3 otro local y acumula tres cierres en menos de 30 d\u00edas, con cerca de 30 trabajadores despedidos. Gualeguaych\u00fa y Concordia ya hab\u00edan sido afectadas.\", \"datePublished\": \"2026-09-04T18:32:51-03:00\", \"dateModified\": \"2026-09-04T18:32:51-03:00\", \"inLanguage\": \"es-AR\", \"articleSection\": \"economia\", \"author\": {\"@type\": \"Organization\", \"name\": \"Redaccion LT15 Concordia\", \"url\": \"https:\/\/lt15concordia.com.ar\"}, \"publisher\": {\"@type\": \"Organization\", \"name\": \"LT15 Concordia\"}, \"mainEntityOfPage\": {\"@type\": \"WebPage\", \"@id\": \"https:\/\/lt15concordia.com.ar\/index.php\/2026\/09\/04\/diarco-suma-tres-cierres-en-un-mes-despidos-y-sucursales-que-bajan-la-persiana\/\"}, \"image\": [\"https:\/\/elonce-media.elonce.com\/fotos\/2026\/09\/04\/m_1788557170_24314.webp\"]}<\/script><\/p>\n","protected":false},"excerpt":{"rendered":"<p>La cadena mayorista cerr\u00f3 otro local y acumula tres cierres en menos de 30 d\u00edas, con cerca de 30 trabajadores despedidos. Gualeguaych\u00fa y Concordia ya hab\u00edan sido afectadas.<\/p>\n","protected":false},"author":5,"featured_media":61272,"comment_status":"closed","ping_status":"closed","sticky":false,"template":"","format":"standard","meta":{"footnotes":""},"categories":[37],"tags":[630,41,1725,64,63,261],"_links":{"self":[{"href":"https:\/\/lt15concordia.com.ar\/index.php\/wp-json\/wp\/v2\/posts\/61273"}],"collection":[{"href":"https:\/\/lt15concordia.com.ar\/index.php\/wp-json\/wp\/v2\/posts"}],"about":[{"href":"https:\/\/lt15concordia.com.ar\/index.php\/wp-json\/wp\/v2\/types\/post"}],"author":[{"embeddable":true,"href":"https:\/\/lt15concordia.com.ar\/index.php\/wp-json\/wp\/v2\/users\/5"}],"replies":[{"embeddable":true,"href":"https:\/\/lt15concordia.com.ar\/index.php\/wp-json\/wp\/v2\/comments?post=61273"}],"version-history":[{"count":2,"href":"https:\/\/lt15concordia.com.ar\/index.php\/wp-json\/wp\/v2\/posts\/61273\/revisions"}],"predecessor-version":[{"id":61275,"href":"https:\/\/lt15concordia.com.ar\/index.php\/wp-json\/wp\/v2\/posts\/61273\/revisions\/61275"}],"wp:featuredmedia":[{"embeddable":true,"href":"https:\/\/lt15concordia.com.ar\/index.php\/wp-json\/wp\/v2\/media\/61272"}],"wp:attachment":[{"href":"https:\/\/lt15concordia.com.ar\/index.php\/wp-json\/wp\/v2\/media?parent=61273"}],"wp:term":[{"taxonomy":"category","embeddable":true,"href":"https:\/\/lt15concordia.com.ar\/index.php\/wp-json\/wp\/v2\/categories?post=61273"},{"taxonomy":"post_tag","embeddable":true,"href":"https:\/\/lt15concordia.com.ar\/index.php\/wp-json\/wp\/v2\/tags?post=61273"}],"curies":[{"name":"wp","href":"https:\/\/api.w.org\/{rel}","templated":true}]}}