{"id":61258,"date":"2026-09-04T17:31:00","date_gmt":"2026-09-04T20:31:00","guid":{"rendered":"https:\/\/lt15concordia.com.ar\/?p=61258"},"modified":"2026-09-04T17:31:10","modified_gmt":"2026-09-04T20:31:10","slug":"la-luz-sube-en-entre-rios-el-epre-aprobo-la-tarifa-de-octubre","status":"publish","type":"post","link":"https:\/\/lt15concordia.com.ar\/index.php\/2026\/09\/04\/la-luz-sube-en-entre-rios-el-epre-aprobo-la-tarifa-de-octubre\/","title":{"rendered":"La luz sube en Entre R\u00edos: el EPRE aprob\u00f3 la tarifa de octubre"},"content":{"rendered":"<p>Otra vez la boleta de luz va a pesar m\u00e1s en el bolsillo entrerriano. El <strong>Ente Provincial Regulador de la Energ\u00eda (EPRE)<\/strong> aprob\u00f3 el nuevo cuadro tarifario que regir\u00e1 durante <strong>octubre<\/strong> en toda la provincia, mediante la <strong>Resoluci\u00f3n N\u00ba 143\/26<\/strong>, fechada el <strong>3 de septiembre<\/strong> y publicada este viernes en el Bolet\u00edn Oficial.<\/p>\n<p>El esquema incorpora los nuevos costos nacionales de abastecimiento de energ\u00eda, potencia y transporte, m\u00e1s una actualizaci\u00f3n del componente de distribuci\u00f3n. Para ese \u00faltimo \u00edtem, el EPRE fij\u00f3 un <strong>tope del 2,9%<\/strong>, tomando como referencia la variaci\u00f3n mensual del <strong>\u00cdndice de Salarios del Indec<\/strong> correspondiente a junio. Pero ojo: ese porcentaje no significa que todas las facturas suban exactamente ese n\u00famero. La boleta se compone de varios conceptos, y el impacto final depende tambi\u00e9n de los costos mayoristas de la energ\u00eda, los subsidios vigentes y el consumo particular de cada usuario.<\/p>\n<p>Durante octubre seguir\u00e1 activo el <strong>subsidio provincial<\/strong> destinado a usuarios residenciales urbanos y rurales de menores ingresos. El beneficio representa un <strong>6% sobre el componente de distribuci\u00f3n<\/strong> para quienes est\u00e1n incluidos en el esquema dispuesto por la Provincia, y las distribuidoras deber\u00e1n identificarlo en las facturas con la leyenda <strong>&#8220;Tarifa Subsidiada por el Estado Provincial&#8221;<\/strong>. El beneficio hab\u00eda sido prorrogado hasta este mes junto con el mecanismo que limita las actualizaciones tarifarias.<\/p>\n<p>A nivel nacional, el esquema de subsidios energ\u00e9ticos tambi\u00e9n contin\u00faa. Para los usuarios de <strong>Entre R\u00edos<\/strong>, el consumo base subsidiado ser\u00e1 de <strong>150 kWh mensuales<\/strong>, con una bonificaci\u00f3n del <strong>50%<\/strong> sobre el precio estacional de la electricidad, m\u00e1s una bonificaci\u00f3n extraordinaria prevista puntualmente para octubre. Las entidades de bien p\u00fablico, clubes de barrio y de pueblo y organizaciones sin fines de lucro contempladas por la normativa nacional recibir\u00e1n las bonificaciones sobre la totalidad de su consumo.<\/p>\n<p>El nuevo cuadro tambi\u00e9n incorpora el canon correspondiente a la construcci\u00f3n de la <strong>Estaci\u00f3n Transformadora 500\/132 kV Gran Paran\u00e1<\/strong>: <strong>US$323.046,95 mensuales<\/strong>. Para convertirlo a pesos, se tom\u00f3 el tipo de cambio del <strong>1\u00ba de septiembre<\/strong>, fijado en <strong>$1.512,73 por d\u00f3lar<\/strong> seg\u00fan la Comunicaci\u00f3n A3500 del Banco Central.<\/p>\n<p>Fue <strong>ENERSA<\/strong> quien present\u00f3 el <strong>2 de septiembre<\/strong> ante el EPRE la propuesta tarifaria para octubre, incluyendo todos esos componentes. El organismo regulador la analiz\u00f3 y la aprob\u00f3 al d\u00eda siguiente. Sin embargo, los valores no son definitivos: el EPRE aclar\u00f3 que el cuadro queda sujeto a eventuales modificaciones si la <strong>Secretar\u00eda de Energ\u00eda de la Naci\u00f3n<\/strong> cambia los precios mayoristas de energ\u00eda, potencia o transporte durante el mes. Si eso ocurre, las distribuidoras podr\u00e1n presentar nuevos valores para su revisi\u00f3n y aprobaci\u00f3n.<\/p>\n<p><script type=\"application\/ld+json\">{\"@context\": \"https:\/\/schema.org\", \"@type\": \"NewsArticle\", \"headline\": \"La luz sube en Entre R\u00edos: el EPRE aprob\u00f3 la tarifa de octubre\", \"description\": \"El EPRE oficializ\u00f3 el nuevo cuadro tarifario para octubre con un tope del 2,9% en el componente de distribuci\u00f3n y subsidios provinciales y nacionales vigentes.\", \"datePublished\": \"2026-09-04T17:31:10-03:00\", \"dateModified\": \"2026-09-04T17:31:10-03:00\", \"inLanguage\": \"es-AR\", \"articleSection\": \"economia\", \"author\": {\"@type\": \"Organization\", \"name\": \"Redaccion LT15 Concordia\", \"url\": \"https:\/\/lt15concordia.com.ar\"}, \"publisher\": {\"@type\": \"Organization\", \"name\": \"LT15 Concordia\"}, \"mainEntityOfPage\": {\"@type\": \"WebPage\", \"@id\": \"https:\/\/lt15concordia.com.ar\/index.php\/2026\/09\/04\/la-luz-sube-en-entre-rios-el-epre-aprobo-la-tarifa-de-octubre\/\"}, \"image\": [\"https:\/\/www.diariojunio.com.ar\/wp-content\/uploads\/2026\/09\/tarifa-energia-luz.jpg\"]}<\/script><\/p>\n","protected":false},"excerpt":{"rendered":"<p>El EPRE oficializ\u00f3 el nuevo cuadro tarifario para octubre con un tope del 2,9% en el componente de distribuci\u00f3n y subsidios provinciales y nacionales vigentes.<\/p>\n","protected":false},"author":5,"featured_media":61257,"comment_status":"closed","ping_status":"closed","sticky":false,"template":"","format":"standard","meta":{"footnotes":""},"categories":[37],"tags":[55,281,63,1596,85,83],"_links":{"self":[{"href":"https:\/\/lt15concordia.com.ar\/index.php\/wp-json\/wp\/v2\/posts\/61258"}],"collection":[{"href":"https:\/\/lt15concordia.com.ar\/index.php\/wp-json\/wp\/v2\/posts"}],"about":[{"href":"https:\/\/lt15concordia.com.ar\/index.php\/wp-json\/wp\/v2\/types\/post"}],"author":[{"embeddable":true,"href":"https:\/\/lt15concordia.com.ar\/index.php\/wp-json\/wp\/v2\/users\/5"}],"replies":[{"embeddable":true,"href":"https:\/\/lt15concordia.com.ar\/index.php\/wp-json\/wp\/v2\/comments?post=61258"}],"version-history":[{"count":2,"href":"https:\/\/lt15concordia.com.ar\/index.php\/wp-json\/wp\/v2\/posts\/61258\/revisions"}],"predecessor-version":[{"id":61260,"href":"https:\/\/lt15concordia.com.ar\/index.php\/wp-json\/wp\/v2\/posts\/61258\/revisions\/61260"}],"wp:featuredmedia":[{"embeddable":true,"href":"https:\/\/lt15concordia.com.ar\/index.php\/wp-json\/wp\/v2\/media\/61257"}],"wp:attachment":[{"href":"https:\/\/lt15concordia.com.ar\/index.php\/wp-json\/wp\/v2\/media?parent=61258"}],"wp:term":[{"taxonomy":"category","embeddable":true,"href":"https:\/\/lt15concordia.com.ar\/index.php\/wp-json\/wp\/v2\/categories?post=61258"},{"taxonomy":"post_tag","embeddable":true,"href":"https:\/\/lt15concordia.com.ar\/index.php\/wp-json\/wp\/v2\/tags?post=61258"}],"curies":[{"name":"wp","href":"https:\/\/api.w.org\/{rel}","templated":true}]}}