{"id":61256,"date":"2026-09-04T17:32:41","date_gmt":"2026-09-04T20:32:41","guid":{"rendered":"https:\/\/lt15concordia.com.ar\/?p=61256"},"modified":"2026-09-04T17:32:53","modified_gmt":"2026-09-04T20:32:53","slug":"inicia-el-cronograma-de-pagos-de-becas-provinciales-2","status":"publish","type":"post","link":"https:\/\/lt15concordia.com.ar\/index.php\/2026\/09\/04\/inicia-el-cronograma-de-pagos-de-becas-provinciales-2\/","title":{"rendered":"Inicia el cronograma de pagos de becas provinciales"},"content":{"rendered":"\n<p><strong>El Instituto Becario Provincial dio a conocer el cronograma correspondiente al mes de septiembre. Se abonar\u00e1 en tres tramos y, como es habitual, por finalizaci\u00f3n de DNI del solicitante<\/strong><\/p>\n\n\n\n<p>El director ejecutivo del Becario, Mariano Berdi\u00f1as, sostuvo que &#8220;desde este lunes y hasta el mi\u00e9rcoles inclusive se abonar\u00e1n las becas correspondientes a nivel secundario, terciario y universitario; tanto nuevas como renovaciones&#8221;, explic\u00f3.<\/p>\n\n\n\n<p>Berdi\u00f1as record\u00f3 que &#8220;el equipo contin\u00faa trabajando en la evaluaci\u00f3n y an\u00e1lisis de presentaciones. Por ello, es muy importante que vayan consultando en la APP, con su usuario y contrase\u00f1a, para dar seguimiento a su presentaci\u00f3n. En caso de estar aprobada, all\u00ed se podr\u00e1 observar la fecha de cobro seg\u00fan la finalizaci\u00f3n del documento. Siempre &nbsp;a trav\u00e9s del Banco Entre R\u00edos&#8221;, concluy\u00f3.<\/p>\n\n\n\n<p><strong>Cronograma septiembre<\/strong><\/p>\n\n\n\n<ul>\n<li>Lunes 7: DNI finalizados en 0, 1, 2 y 3.<\/li>\n\n\n\n<li>Martes 8: DNI finalizados en 4, 5 y 6.<\/li>\n\n\n\n<li>Mi\u00e9rcoles 9: DNI finalizados en 7, 8 y 9.<\/li>\n<\/ul>\n\n\n\n<p>Fuente: Gobierno de Entre R\u00edos<\/p>\n","protected":false},"excerpt":{"rendered":"<p>El Instituto Becario Provincial dio a conocer el cronograma correspondiente al mes de septiembre. Se abonar\u00e1 en tres tramos y, como es habitual, por finalizaci\u00f3n de DNI del solicitante El director ejecutivo del Becario, Mariano Berdi\u00f1as, sostuvo que &#8220;desde este lunes y hasta el mi\u00e9rcoles inclusive se abonar\u00e1n las becas correspondientes a nivel secundario, terciario [&hellip;]<\/p>\n","protected":false},"author":5,"featured_media":61261,"comment_status":"open","ping_status":"open","sticky":false,"template":"","format":"standard","meta":{"footnotes":""},"categories":[37],"tags":[],"_links":{"self":[{"href":"https:\/\/lt15concordia.com.ar\/index.php\/wp-json\/wp\/v2\/posts\/61256"}],"collection":[{"href":"https:\/\/lt15concordia.com.ar\/index.php\/wp-json\/wp\/v2\/posts"}],"about":[{"href":"https:\/\/lt15concordia.com.ar\/index.php\/wp-json\/wp\/v2\/types\/post"}],"author":[{"embeddable":true,"href":"https:\/\/lt15concordia.com.ar\/index.php\/wp-json\/wp\/v2\/users\/5"}],"replies":[{"embeddable":true,"href":"https:\/\/lt15concordia.com.ar\/index.php\/wp-json\/wp\/v2\/comments?post=61256"}],"version-history":[{"count":1,"href":"https:\/\/lt15concordia.com.ar\/index.php\/wp-json\/wp\/v2\/posts\/61256\/revisions"}],"predecessor-version":[{"id":61267,"href":"https:\/\/lt15concordia.com.ar\/index.php\/wp-json\/wp\/v2\/posts\/61256\/revisions\/61267"}],"wp:featuredmedia":[{"embeddable":true,"href":"https:\/\/lt15concordia.com.ar\/index.php\/wp-json\/wp\/v2\/media\/61261"}],"wp:attachment":[{"href":"https:\/\/lt15concordia.com.ar\/index.php\/wp-json\/wp\/v2\/media?parent=61256"}],"wp:term":[{"taxonomy":"category","embeddable":true,"href":"https:\/\/lt15concordia.com.ar\/index.php\/wp-json\/wp\/v2\/categories?post=61256"},{"taxonomy":"post_tag","embeddable":true,"href":"https:\/\/lt15concordia.com.ar\/index.php\/wp-json\/wp\/v2\/tags?post=61256"}],"curies":[{"name":"wp","href":"https:\/\/api.w.org\/{rel}","templated":true}]}}