{"id":61247,"date":"2026-09-04T17:09:56","date_gmt":"2026-09-04T20:09:56","guid":{"rendered":"https:\/\/lt15concordia.com.ar\/?p=61247"},"modified":"2026-09-04T17:10:08","modified_gmt":"2026-09-04T20:10:08","slug":"marcelo-gallardo-sera-el-nuevo-entrenador-de-la-seleccion-de-ecuador","status":"publish","type":"post","link":"https:\/\/lt15concordia.com.ar\/index.php\/2026\/09\/04\/marcelo-gallardo-sera-el-nuevo-entrenador-de-la-seleccion-de-ecuador\/","title":{"rendered":"Marcelo Gallardo ser\u00e1 el nuevo entrenador de la Selecci\u00f3n de Ecuador"},"content":{"rendered":"\n<p><strong>Marcelo Gallardo ser\u00e1 el sucesor de Sebasti\u00e1n Beccacece en la Tri y quedar\u00e1 al mando hasta el Mundial 2030<\/strong><\/p>\n\n\n\n<p id=\"p-1788550750227-60280\">Luego de varias semanas de negociaciones, la Selecci\u00f3n de Ecuador ya tiene al reemplazante de Sebasti\u00e1n Beccacece y puso los ojos en otro director t\u00e9cnico argentino:\u00a0Marcelo Gallardo\u00a0acord\u00f3 su contrato y est\u00e1 a sola firma de asumir a cargo de la Tri.<\/p>\n\n\n\n<p>La Federaci\u00f3n Ecuatoriana vuelve a apostar por un argentino de cara a la Copa del Mundo 2030. Beccacece dirigi\u00f3 a la Tricolor en 2026, en la cual cay\u00f3 ante M\u00e9xico en 16vos de final pero logr\u00f3 un hist\u00f3rico triunfo ante Alemania en primera ronda. Previamente, Gustavo Alfaro hab\u00eda estado al frente en Qatar 2022, aunque no logr\u00f3 superar la fase de grupos.<\/p>\n\n\n\n<p id=\"p-1788550937834-38197\">En los pr\u00f3ximos d\u00edas viajar\u00e1 a Quito para estampar la firma y luego asumir\u00e1 formalmente. Su debut ya est\u00e1 programado para fines de septiembre, cuando se juegue la primera fecha FIFA post Mundial.<\/p>\n\n\n\n<h2 class=\"wp-block-heading\" id=\"p-1788551029572-68248\">Otro desaf\u00edo para Marcelo Gallardo<\/h2>\n\n\n\n<p id=\"p-1788550970277-52682\">Ser\u00e1 la primera experiencia del Mu\u00f1eco al frente de un combinado nacional. Tras su debut en Nacional en 2011, se hizo cargo del banco de River en junio de 2014 y se convirti\u00f3 en el t\u00e9cnico m\u00e1s ganador de la historia del club. Durante su primera etapa en N\u00fa\u00f1ez, la cual dur\u00f3 m\u00e1s de ocho a\u00f1os, conquist\u00f3 14 trofeos (siete locales y siete internacionales), entre ellos dos Copas Libertadores, sumado a las recordadas eliminaciones a Boca.<\/p>\n\n\n\n<p>Tras su salida en 2022, tuvo una breve etapa en el f\u00fatbol \u00e1rabe como DT del Al-Ittihad y regres\u00f3 a River en agosto de 2024. Sin embargo, su segundo ciclo estuvo lejos de las expectativas generadas, no levant\u00f3 ning\u00fan t\u00edtulo y se despidi\u00f3 tras la victoria 3 a 1 ante Banfield en el Monumental en febrero. Eduardo Coudet fue quien ocup\u00f3 su lugar.<\/p>\n\n\n\n<p>Fuente: Diario Uno de Entre R\u00edos<\/p>\n","protected":false},"excerpt":{"rendered":"<p>Marcelo Gallardo ser\u00e1 el sucesor de Sebasti\u00e1n Beccacece en la Tri y quedar\u00e1 al mando hasta el Mundial 2030 Luego de varias semanas de negociaciones, la Selecci\u00f3n de Ecuador ya tiene al reemplazante de Sebasti\u00e1n Beccacece y puso los ojos en otro director t\u00e9cnico argentino:\u00a0Marcelo Gallardo\u00a0acord\u00f3 su contrato y est\u00e1 a sola firma de asumir [&hellip;]<\/p>\n","protected":false},"author":5,"featured_media":61248,"comment_status":"open","ping_status":"open","sticky":false,"template":"","format":"standard","meta":{"footnotes":""},"categories":[34],"tags":[],"_links":{"self":[{"href":"https:\/\/lt15concordia.com.ar\/index.php\/wp-json\/wp\/v2\/posts\/61247"}],"collection":[{"href":"https:\/\/lt15concordia.com.ar\/index.php\/wp-json\/wp\/v2\/posts"}],"about":[{"href":"https:\/\/lt15concordia.com.ar\/index.php\/wp-json\/wp\/v2\/types\/post"}],"author":[{"embeddable":true,"href":"https:\/\/lt15concordia.com.ar\/index.php\/wp-json\/wp\/v2\/users\/5"}],"replies":[{"embeddable":true,"href":"https:\/\/lt15concordia.com.ar\/index.php\/wp-json\/wp\/v2\/comments?post=61247"}],"version-history":[{"count":1,"href":"https:\/\/lt15concordia.com.ar\/index.php\/wp-json\/wp\/v2\/posts\/61247\/revisions"}],"predecessor-version":[{"id":61249,"href":"https:\/\/lt15concordia.com.ar\/index.php\/wp-json\/wp\/v2\/posts\/61247\/revisions\/61249"}],"wp:featuredmedia":[{"embeddable":true,"href":"https:\/\/lt15concordia.com.ar\/index.php\/wp-json\/wp\/v2\/media\/61248"}],"wp:attachment":[{"href":"https:\/\/lt15concordia.com.ar\/index.php\/wp-json\/wp\/v2\/media?parent=61247"}],"wp:term":[{"taxonomy":"category","embeddable":true,"href":"https:\/\/lt15concordia.com.ar\/index.php\/wp-json\/wp\/v2\/categories?post=61247"},{"taxonomy":"post_tag","embeddable":true,"href":"https:\/\/lt15concordia.com.ar\/index.php\/wp-json\/wp\/v2\/tags?post=61247"}],"curies":[{"name":"wp","href":"https:\/\/api.w.org\/{rel}","templated":true}]}}