{"id":61236,"date":"2026-09-04T16:50:36","date_gmt":"2026-09-04T19:50:36","guid":{"rendered":"https:\/\/lt15concordia.com.ar\/?p=61236"},"modified":"2026-09-04T16:50:48","modified_gmt":"2026-09-04T19:50:48","slug":"la-reaccion-de-los-medios-britanicos-tras-la-cadena-nacional-de-javier-milei","status":"publish","type":"post","link":"https:\/\/lt15concordia.com.ar\/index.php\/2026\/09\/04\/la-reaccion-de-los-medios-britanicos-tras-la-cadena-nacional-de-javier-milei\/","title":{"rendered":"La reacci\u00f3n de los medios brit\u00e1nicos tras la cadena nacional de Javier Milei"},"content":{"rendered":"\n<p><strong>Coincidieron en destacar que el presidente argentino apunt\u00f3 contra las empresas petroleras que se disponen a extraer petr\u00f3leo en la Islas Malvinas<\/strong><\/p>\n\n\n\n<p>Medios brit\u00e1nicos que se hicieron eco de la cadena nacional en la que el presidente Javier Milei se refiri\u00f3 a las Islas Malvinas\u00a0coincidieron en destacar que\u00a0apunt\u00f3 contra las empresas petroleras que se disponen a extraer petr\u00f3leo en ese territorio.<\/p>\n\n\n\n<p><strong>\u201cEl l\u00edder argentino afirma que las empresas petroleras que operan en las islas se enfrentan a sanciones\u201d, titul\u00f3 la BBC, que introdujo al tema afirmando que \u201cMilei ha intensificado las tensiones con el Reino Unido por las Malvinas\u201d<em>.<\/em><\/strong><\/p>\n\n\n\n<p id=\"p-1788531174719-61626\"><strong>\u201cEn un discurso a la naci\u00f3n, Milei afirm\u00f3 que los vientos de cambio favorec\u00edan la reivindicaci\u00f3n argentina sobre las islas, envalentonada por las se\u00f1ales de que Estados Unidos podr\u00eda reconsiderar su posici\u00f3n de neutralidad sobre el tema\u201d<\/strong>, sigui\u00f3 la cadena brit\u00e1nica.<\/p>\n\n\n\n<p id=\"p-1788531174719-70098\">A lo largo del art\u00edculo, la BBC desgran\u00f3 el discurso del mandatario argentino y finalmente indic\u00f3 que <strong>\u201cest\u00e1 solicitando comentarios del gobierno brit\u00e1nico sobre la declaraci\u00f3n de Milei\u201d.<\/strong><\/p>\n\n\n\n<p id=\"p-1788531174719-73340\">Otro medio, The Telegraph, anunci\u00f3 que la <strong>\u201cArgentina impondr\u00e1 sanciones a las perforaciones petroleras en las costas de las Malvinas\u201d<em>.<\/em><\/strong><\/p>\n\n\n\n<p id=\"p-1788531174719-69700\">Tambi\u00e9n destac\u00f3 que&nbsp;<strong>Milei se refiri\u00f3 a la \u201ccrisis\u201d econ\u00f3mica y migratoria de Gran Breta\u00f1a como punto favorable para la reivindicaci\u00f3n argentina sobre las islas<\/strong>.<\/p>\n\n\n\n<p id=\"p-1788531174719-34342\">Subray\u00f3 que<strong>&nbsp;las palabras de Milei \u201camenazan con una disputa con (Andy) Burnham, primer ministro brit\u00e1nico<\/strong>.<\/p>\n\n\n\n<p id=\"p-1788531174719-8243\">The Mirror, tambi\u00e9n, se hizo eco del mensaje por cadena nacional del presidente y puso el foco en la reafirmaci\u00f3n de los derechos soberanos argentinos sobre el territorio insular.<\/p>\n\n\n\n<h2 class=\"wp-block-heading\" id=\"p-1788531980641-48916\">Posible cumbre EEUU-Reino Unido<\/h2>\n\n\n\n<p id=\"p-1788531174719-79435\">Asimismo, hizo hincapi\u00e9 en el posible encuentro entre los mandatarios del Reino Unido y de Estados Unidos<\/p>\n\n\n\n<p id=\"p-1788531962907-87231\"><strong>\u201cSe espera que Donald Trump y Burnham se re\u00fanan por primera vez en la Asamblea General de la ONU dentro de unas semanas, y lo que est\u00e1 en juego no es insignificante\u201d<\/strong>, indic\u00f3.<\/p>\n\n\n\n<p>Fuente: Diario Uno de Entre R\u00edos<\/p>\n","protected":false},"excerpt":{"rendered":"<p>Coincidieron en destacar que el presidente argentino apunt\u00f3 contra las empresas petroleras que se disponen a extraer petr\u00f3leo en la Islas Malvinas Medios brit\u00e1nicos que se hicieron eco de la cadena nacional en la que el presidente Javier Milei se refiri\u00f3 a las Islas Malvinas\u00a0coincidieron en destacar que\u00a0apunt\u00f3 contra las empresas petroleras que se disponen [&hellip;]<\/p>\n","protected":false},"author":5,"featured_media":61238,"comment_status":"open","ping_status":"open","sticky":false,"template":"","format":"standard","meta":{"footnotes":""},"categories":[89],"tags":[],"_links":{"self":[{"href":"https:\/\/lt15concordia.com.ar\/index.php\/wp-json\/wp\/v2\/posts\/61236"}],"collection":[{"href":"https:\/\/lt15concordia.com.ar\/index.php\/wp-json\/wp\/v2\/posts"}],"about":[{"href":"https:\/\/lt15concordia.com.ar\/index.php\/wp-json\/wp\/v2\/types\/post"}],"author":[{"embeddable":true,"href":"https:\/\/lt15concordia.com.ar\/index.php\/wp-json\/wp\/v2\/users\/5"}],"replies":[{"embeddable":true,"href":"https:\/\/lt15concordia.com.ar\/index.php\/wp-json\/wp\/v2\/comments?post=61236"}],"version-history":[{"count":1,"href":"https:\/\/lt15concordia.com.ar\/index.php\/wp-json\/wp\/v2\/posts\/61236\/revisions"}],"predecessor-version":[{"id":61239,"href":"https:\/\/lt15concordia.com.ar\/index.php\/wp-json\/wp\/v2\/posts\/61236\/revisions\/61239"}],"wp:featuredmedia":[{"embeddable":true,"href":"https:\/\/lt15concordia.com.ar\/index.php\/wp-json\/wp\/v2\/media\/61238"}],"wp:attachment":[{"href":"https:\/\/lt15concordia.com.ar\/index.php\/wp-json\/wp\/v2\/media?parent=61236"}],"wp:term":[{"taxonomy":"category","embeddable":true,"href":"https:\/\/lt15concordia.com.ar\/index.php\/wp-json\/wp\/v2\/categories?post=61236"},{"taxonomy":"post_tag","embeddable":true,"href":"https:\/\/lt15concordia.com.ar\/index.php\/wp-json\/wp\/v2\/tags?post=61236"}],"curies":[{"name":"wp","href":"https:\/\/api.w.org\/{rel}","templated":true}]}}