{"id":61225,"date":"2026-09-04T16:35:51","date_gmt":"2026-09-04T19:35:51","guid":{"rendered":"https:\/\/lt15concordia.com.ar\/?p=61225"},"modified":"2026-09-04T16:36:02","modified_gmt":"2026-09-04T19:36:02","slug":"energia-industrial-por-que-los-grandes-usuarios-deben-gestionar-su-abastecimient","status":"publish","type":"post","link":"https:\/\/lt15concordia.com.ar\/index.php\/2026\/09\/04\/energia-industrial-por-que-los-grandes-usuarios-deben-gestionar-su-abastecimient\/","title":{"rendered":"Energ\u00eda industrial: por qu\u00e9 los grandes usuarios deben gestionar su abastecimiento"},"content":{"rendered":"<p>La energ\u00eda ya no es una l\u00ednea m\u00e1s en el balance de una empresa: es la que define si esa empresa puede competir o no. <strong>Jos\u00e9 Mart\u00ednez Ruhl<\/strong>, presidente de la <strong>C\u00e1mara de Energ\u00edas Renovables de Entre R\u00edos (Cerer)<\/strong>, lo dice sin rodeos: los aumentos extraordinarios del <strong>Mercado El\u00e9ctrico Mayorista (MEM)<\/strong> y la aplicaci\u00f3n del <strong>Cargo Estabilizado GUDI<\/strong> pusieron al insumo energ\u00e9tico en el centro de la agenda industrial.<\/p>\n<p>El contexto no es menor. Desde noviembre pasado, a partir de la <strong>Resoluci\u00f3n 400\/2025<\/strong> de Normalizaci\u00f3n del Mercado Mayorista, m\u00e1s de <strong>800 GUDIs migraron al Mercado Mayorista<\/strong> en todo el pa\u00eds, un crecimiento del <strong>13%<\/strong>. Son industrias que leyeron el mapa antes que las dem\u00e1s: buscaron previsibilidad de costos cuando los precios spot en invierno llegaron a <strong>163 USD\/MWh<\/strong>, un n\u00famero que a cualquier electrointensiva le cambia el esquema de rentabilidad de un plumazo.<\/p>\n<p>En ese marco, el <strong>Gobierno provincial<\/strong> anunci\u00f3 un esquema de alivio que permite refinanciar el <strong>Cargo MEM de los meses de mayo a agosto<\/strong> con una tasa del <strong>15%<\/strong>, apuntando a mitigar el golpe financiero sobre las industrias entrerrianas. Es una medida de corto plazo que no resuelve la tendencia de fondo, pero da aire.<\/p>\n<p>Mart\u00ednez Ruhl enumer\u00f3 las recomendaciones concretas para las empresas que todav\u00eda no tomaron cartas en el asunto: <strong>profesionalizar la gesti\u00f3n energ\u00e9tica<\/strong>, optimizar la potencia contratada, gestionar la curva de carga e incorporar <strong>generaci\u00f3n distribuida<\/strong>. En ese punto aparece una figura nueva habilitada en la provincia por la <strong>Resoluci\u00f3n 120\/2026<\/strong>: el <strong>Usuario Remoto Virtual<\/strong>, que permite consumir energ\u00eda renovable generada en otro punto de la red.<\/p>\n<p>El MEM tiene sus pros y sus contras, y el especialista no los esconde. A favor: la posibilidad de fijar precios de energ\u00eda y potencia por <strong>1 a 5 a\u00f1os<\/strong>, reduciendo la exposici\u00f3n al spot; flexibilidad contractual; y acceso para usuarios medianos desde los <strong>50 kW<\/strong>. En contra: requiere capacidad t\u00e9cnica y comercial real, implica complejidad administrativa, y quien ingresa sin asesoramiento puede firmar contratos poco competitivos o asumir riesgos innecesarios.<\/p>\n<p>Para <strong>2027<\/strong> se espera mayor estabilidad en el mercado, impulsada por la ampliaci\u00f3n del <strong>gasoducto Perito Moreno<\/strong> y m\u00e1s generaci\u00f3n renovable. Pero el camino hasta all\u00e1 no ser\u00e1 llano: el mercado seguir\u00e1 enviando se\u00f1ales de competencia y menor subsidio. La conclusi\u00f3n de Mart\u00ednez Ruhl es directa: anticiparse, diversificar y gestionar activamente el abastecimiento energ\u00e9tico ya no es una ventaja diferencial, es una condici\u00f3n m\u00ednima para mantenerse en carrera.<\/p>\n<p><script type=\"application\/ld+json\">{\"@context\": \"https:\/\/schema.org\", \"@type\": \"NewsArticle\", \"headline\": \"Energ\u00eda industrial: por qu\u00e9 los grandes usuarios deben gestionar su abastecimiento\", \"description\": \"El costo el\u00e9ctrico dej\u00f3 de ser un gasto operativo m\u00e1s para las industrias. Claves del Mercado Mayorista y qu\u00e9 hacer ante precios que llegaron a 163 USD\/MWh.\", \"datePublished\": \"2026-09-04T16:36:02-03:00\", \"dateModified\": \"2026-09-04T16:36:02-03:00\", \"inLanguage\": \"es-AR\", \"articleSection\": \"economia\", \"author\": {\"@type\": \"Organization\", \"name\": \"Redaccion LT15 Concordia\", \"url\": \"https:\/\/lt15concordia.com.ar\"}, \"publisher\": {\"@type\": \"Organization\", \"name\": \"LT15 Concordia\"}, \"mainEntityOfPage\": {\"@type\": \"WebPage\", \"@id\": \"https:\/\/lt15concordia.com.ar\/index.php\/2026\/09\/04\/energia-industrial-por-que-los-grandes-usuarios-deben-gestionar-su-abastecimient\/\"}, \"image\": [\"https:\/\/dosflorines.com.ar\/wp-content\/uploads\/2023\/02\/energia-electrica-luz.jpg\"]}<\/script><\/p>\n","protected":false},"excerpt":{"rendered":"<p>El costo el\u00e9ctrico dej\u00f3 de ser un gasto operativo m\u00e1s para las industrias. Claves del Mercado Mayorista y qu\u00e9 hacer ante precios que llegaron a 163 USD\/MWh.<\/p>\n","protected":false},"author":5,"featured_media":61224,"comment_status":"closed","ping_status":"closed","sticky":false,"template":"","format":"standard","meta":{"footnotes":""},"categories":[37],"tags":[4797,55,63,4798,609,4796],"_links":{"self":[{"href":"https:\/\/lt15concordia.com.ar\/index.php\/wp-json\/wp\/v2\/posts\/61225"}],"collection":[{"href":"https:\/\/lt15concordia.com.ar\/index.php\/wp-json\/wp\/v2\/posts"}],"about":[{"href":"https:\/\/lt15concordia.com.ar\/index.php\/wp-json\/wp\/v2\/types\/post"}],"author":[{"embeddable":true,"href":"https:\/\/lt15concordia.com.ar\/index.php\/wp-json\/wp\/v2\/users\/5"}],"replies":[{"embeddable":true,"href":"https:\/\/lt15concordia.com.ar\/index.php\/wp-json\/wp\/v2\/comments?post=61225"}],"version-history":[{"count":2,"href":"https:\/\/lt15concordia.com.ar\/index.php\/wp-json\/wp\/v2\/posts\/61225\/revisions"}],"predecessor-version":[{"id":61228,"href":"https:\/\/lt15concordia.com.ar\/index.php\/wp-json\/wp\/v2\/posts\/61225\/revisions\/61228"}],"wp:featuredmedia":[{"embeddable":true,"href":"https:\/\/lt15concordia.com.ar\/index.php\/wp-json\/wp\/v2\/media\/61224"}],"wp:attachment":[{"href":"https:\/\/lt15concordia.com.ar\/index.php\/wp-json\/wp\/v2\/media?parent=61225"}],"wp:term":[{"taxonomy":"category","embeddable":true,"href":"https:\/\/lt15concordia.com.ar\/index.php\/wp-json\/wp\/v2\/categories?post=61225"},{"taxonomy":"post_tag","embeddable":true,"href":"https:\/\/lt15concordia.com.ar\/index.php\/wp-json\/wp\/v2\/tags?post=61225"}],"curies":[{"name":"wp","href":"https:\/\/api.w.org\/{rel}","templated":true}]}}