{"id":61199,"date":"2026-09-04T16:17:39","date_gmt":"2026-09-04T19:17:39","guid":{"rendered":"https:\/\/lt15concordia.com.ar\/?p=61199"},"modified":"2026-09-04T16:19:37","modified_gmt":"2026-09-04T19:19:37","slug":"el-consejo-de-teatro-independiente-de-entre-rios-abre-la-convocatoria-para-aspirantes-a-representantes-regionales","status":"publish","type":"post","link":"https:\/\/lt15concordia.com.ar\/index.php\/2026\/09\/04\/el-consejo-de-teatro-independiente-de-entre-rios-abre-la-convocatoria-para-aspirantes-a-representantes-regionales\/","title":{"rendered":"El Consejo de Teatro Independiente de Entre R\u00edos abre la convocatoria para aspirantes a representantes regionales"},"content":{"rendered":"\n<figure class=\"wp-block-image size-full\"><img loading=\"lazy\" decoding=\"async\" width=\"1920\" height=\"1280\" src=\"https:\/\/lt15concordia.com.ar\/wp-content\/uploads\/2026\/09\/ConTIER-abre-convocatoria.jpg\" alt=\"\" class=\"wp-image-61200\" srcset=\"https:\/\/lt15concordia.com.ar\/wp-content\/uploads\/2026\/09\/ConTIER-abre-convocatoria.jpg 1920w, https:\/\/lt15concordia.com.ar\/wp-content\/uploads\/2026\/09\/ConTIER-abre-convocatoria-300x200.jpg 300w, https:\/\/lt15concordia.com.ar\/wp-content\/uploads\/2026\/09\/ConTIER-abre-convocatoria-768x512.jpg 768w, https:\/\/lt15concordia.com.ar\/wp-content\/uploads\/2026\/09\/ConTIER-abre-convocatoria-1536x1024.jpg 1536w, https:\/\/lt15concordia.com.ar\/wp-content\/uploads\/2026\/09\/ConTIER-abre-convocatoria-630x420.jpg 630w, https:\/\/lt15concordia.com.ar\/wp-content\/uploads\/2026\/09\/ConTIER-abre-convocatoria-696x464.jpg 696w, https:\/\/lt15concordia.com.ar\/wp-content\/uploads\/2026\/09\/ConTIER-abre-convocatoria-1068x712.jpg 1068w\" sizes=\"(max-width: 1920px) 100vw, 1920px\" \/><\/figure>\n\n\n\n<p><strong>Hasta el s\u00e1bado 12 de septiembre se podr\u00e1n postular al cargo de representante regional para el Consejo de Teatro Independiente de Entre R\u00edos (ConTIER), organismo aut\u00e1rquico que funciona en la \u00f3rbita de la Secretar\u00eda de Cultura de Entre R\u00edos y se encarga de velar por la protecci\u00f3n, promoci\u00f3n y apoyo de la actividad teatral independiente<\/strong><\/p>\n\n\n\n<p>Los interesados deber\u00e1n completar el formulario disponible en las redes sociales del ConTIER. All\u00ed tambi\u00e9n se encuentran el reglamento, las bases y los requisitos.&nbsp;<\/p>\n\n\n\n<p>&nbsp;Las elecciones ser\u00e1n durante el mes de octubre. Se elegir\u00e1n 5 representantes -uno por cada regi\u00f3n de la provincia- con un mandato de 4 a\u00f1os (per\u00edodo 2027-2030). Asimismo, deber\u00e1n postularse en binomios de un titular y un suplente por la regi\u00f3n que pretenden representar.<\/p>\n\n\n\n<p><strong>\u00a0Los aspirantes deber\u00e1n:<\/strong><\/p>\n\n\n\n<p>&#8211; <strong>Tener conocimiento de la Ley TIER 10.931 y sus Decretos Reglamentarios<\/strong>.<\/p>\n\n\n\n<p>&#8211; Estar inscripto en el Padr\u00f3n de trabajadores y trabajadores del Teatro Independiente de Entre R\u00edos por la regi\u00f3n por la que se presentan.<\/p>\n\n\n\n<p>&#8211;<strong> Acreditar una trayectoria teatral comprobable y en continuidad no menor a cinco (5) a\u00f1os.<\/strong><\/p>\n\n\n\n<p>&#8211; Tener la edad m\u00ednima de 21 a\u00f1os.<\/p>\n\n\n\n<p>&nbsp;Los departamentos de la provincia est\u00e1n divididos en cinco regiones:<\/p>\n\n\n\n<p>Regi\u00f3n 1: Tala, Uruguay, Victoria y Nogoy\u00e1.&nbsp; &nbsp; &nbsp; &nbsp; &nbsp; &nbsp; &nbsp;&nbsp;<\/p>\n\n\n\n<p>Regi\u00f3n 2: Villaguay, Col\u00f3n y San Salvador.<\/p>\n\n\n\n<p>Regi\u00f3n 3: Paran\u00e1, Diamante y La Paz.<\/p>\n\n\n\n<p>Regi\u00f3n 4: Feliciano, Federal, Federaci\u00f3n y Concordia.<\/p>\n\n\n\n<p>Regi\u00f3n 5: Gualeguay, Gualeguaych\u00fa e Islas del Ibicuy.<\/p>\n\n\n\n<p>Fuente: Gobierno de Entre R\u00edos<\/p>\n","protected":false},"excerpt":{"rendered":"<p>Hasta el s\u00e1bado 12 de septiembre se podr\u00e1n postular al cargo de representante regional para el Consejo de Teatro Independiente de Entre R\u00edos (ConTIER), organismo aut\u00e1rquico que funciona en la \u00f3rbita de la Secretar\u00eda de Cultura de Entre R\u00edos y se encarga de velar por la protecci\u00f3n, promoci\u00f3n y apoyo de la actividad teatral independiente [&hellip;]<\/p>\n","protected":false},"author":5,"featured_media":61201,"comment_status":"open","ping_status":"open","sticky":false,"template":"","format":"standard","meta":{"footnotes":""},"categories":[37],"tags":[],"_links":{"self":[{"href":"https:\/\/lt15concordia.com.ar\/index.php\/wp-json\/wp\/v2\/posts\/61199"}],"collection":[{"href":"https:\/\/lt15concordia.com.ar\/index.php\/wp-json\/wp\/v2\/posts"}],"about":[{"href":"https:\/\/lt15concordia.com.ar\/index.php\/wp-json\/wp\/v2\/types\/post"}],"author":[{"embeddable":true,"href":"https:\/\/lt15concordia.com.ar\/index.php\/wp-json\/wp\/v2\/users\/5"}],"replies":[{"embeddable":true,"href":"https:\/\/lt15concordia.com.ar\/index.php\/wp-json\/wp\/v2\/comments?post=61199"}],"version-history":[{"count":1,"href":"https:\/\/lt15concordia.com.ar\/index.php\/wp-json\/wp\/v2\/posts\/61199\/revisions"}],"predecessor-version":[{"id":61202,"href":"https:\/\/lt15concordia.com.ar\/index.php\/wp-json\/wp\/v2\/posts\/61199\/revisions\/61202"}],"wp:featuredmedia":[{"embeddable":true,"href":"https:\/\/lt15concordia.com.ar\/index.php\/wp-json\/wp\/v2\/media\/61201"}],"wp:attachment":[{"href":"https:\/\/lt15concordia.com.ar\/index.php\/wp-json\/wp\/v2\/media?parent=61199"}],"wp:term":[{"taxonomy":"category","embeddable":true,"href":"https:\/\/lt15concordia.com.ar\/index.php\/wp-json\/wp\/v2\/categories?post=61199"},{"taxonomy":"post_tag","embeddable":true,"href":"https:\/\/lt15concordia.com.ar\/index.php\/wp-json\/wp\/v2\/tags?post=61199"}],"curies":[{"name":"wp","href":"https:\/\/api.w.org\/{rel}","templated":true}]}}