{"id":61193,"date":"2026-09-04T16:13:55","date_gmt":"2026-09-04T19:13:55","guid":{"rendered":"https:\/\/lt15concordia.com.ar\/?p=61193"},"modified":"2026-09-04T16:14:41","modified_gmt":"2026-09-04T19:14:41","slug":"el-tunel-subfluvial-realizo-el-mantenimiento-de-los-desagues","status":"publish","type":"post","link":"https:\/\/lt15concordia.com.ar\/index.php\/2026\/09\/04\/el-tunel-subfluvial-realizo-el-mantenimiento-de-los-desagues\/","title":{"rendered":"El T\u00fanel Subfluvial realiz\u00f3 el mantenimiento de los desag\u00fces"},"content":{"rendered":"\n<p><strong>En el marco del Plan integral de intervenci\u00f3n hidr\u00e1ulica, el Ente Interprovincial T\u00fanel Subfluvial &#8220;Ra\u00fal Uranga &#8211; Carlos Sylvestre Begnis&#8221; realiz\u00f3 este viernes tareas de limpieza y desobstrucci\u00f3n de los sistemas de desag\u00fce en distintos sectores de su jurisdicci\u00f3n, en conjunto con Aguas Santafesinas (ASSA)<\/strong><\/p>\n\n\n\n<p>La intervenci\u00f3n form\u00f3 parte de las acciones de mantenimiento preventivo que el Ente desarrolla para conservar en condiciones operativas la infraestructura hidr\u00e1ulica del enlace y favorecer el adecuado escurrimiento del agua durante los episodios de lluvia.<\/p>\n\n\n\n<p>Para la ejecuci\u00f3n de los trabajos, Aguas Santafesinas aport\u00f3 personal especializado y un cami\u00f3n desobstructor equipado con tecnolog\u00eda de inyecci\u00f3n de agua a alta presi\u00f3n. El procedimiento permiti\u00f3 remover sedimentos y obstrucciones y recuperar la capacidad de conducci\u00f3n de los desag\u00fces.<\/p>\n\n\n\n<p>El operativo comprendi\u00f3 la limpieza de tapas y rejillas selladas ubicadas en las rampas de acceso de las cabeceras entrerriana y santafesina, donde los sistemas de drenaje cumplen un rol fundamental para conducir el agua hacia los sectores de descarga.<\/p>\n\n\n\n<figure class=\"wp-block-image size-full\"><img loading=\"lazy\" decoding=\"async\" width=\"1922\" height=\"1276\" src=\"https:\/\/lt15concordia.com.ar\/wp-content\/uploads\/2026\/09\/para-WEB-ERpro3.png\" alt=\"\" class=\"wp-image-61195\" srcset=\"https:\/\/lt15concordia.com.ar\/wp-content\/uploads\/2026\/09\/para-WEB-ERpro3.png 1922w, https:\/\/lt15concordia.com.ar\/wp-content\/uploads\/2026\/09\/para-WEB-ERpro3-300x199.png 300w, https:\/\/lt15concordia.com.ar\/wp-content\/uploads\/2026\/09\/para-WEB-ERpro3-768x510.png 768w, https:\/\/lt15concordia.com.ar\/wp-content\/uploads\/2026\/09\/para-WEB-ERpro3-1536x1020.png 1536w, https:\/\/lt15concordia.com.ar\/wp-content\/uploads\/2026\/09\/para-WEB-ERpro3-633x420.png 633w, https:\/\/lt15concordia.com.ar\/wp-content\/uploads\/2026\/09\/para-WEB-ERpro3-696x462.png 696w, https:\/\/lt15concordia.com.ar\/wp-content\/uploads\/2026\/09\/para-WEB-ERpro3-1068x709.png 1068w, https:\/\/lt15concordia.com.ar\/wp-content\/uploads\/2026\/09\/para-WEB-ERpro3-1920x1275.png 1920w\" sizes=\"(max-width: 1922px) 100vw, 1922px\" \/><\/figure>\n\n\n\n<p>Asimismo, las tareas se extendieron al cantero central de la recta santafesina, entre el arroyo Las Sand\u00edas y la estaci\u00f3n de peaje, donde fueron intervenidos los 12 desag\u00fces existentes.<\/p>\n\n\n\n<figure class=\"wp-block-image size-full\"><img loading=\"lazy\" decoding=\"async\" width=\"1921\" height=\"1288\" src=\"https:\/\/lt15concordia.com.ar\/wp-content\/uploads\/2026\/09\/para-WEB-ERpro.png\" alt=\"\" class=\"wp-image-61196\" srcset=\"https:\/\/lt15concordia.com.ar\/wp-content\/uploads\/2026\/09\/para-WEB-ERpro.png 1921w, https:\/\/lt15concordia.com.ar\/wp-content\/uploads\/2026\/09\/para-WEB-ERpro-300x201.png 300w, https:\/\/lt15concordia.com.ar\/wp-content\/uploads\/2026\/09\/para-WEB-ERpro-768x515.png 768w, https:\/\/lt15concordia.com.ar\/wp-content\/uploads\/2026\/09\/para-WEB-ERpro-1536x1030.png 1536w, https:\/\/lt15concordia.com.ar\/wp-content\/uploads\/2026\/09\/para-WEB-ERpro-626x420.png 626w, https:\/\/lt15concordia.com.ar\/wp-content\/uploads\/2026\/09\/para-WEB-ERpro-696x467.png 696w, https:\/\/lt15concordia.com.ar\/wp-content\/uploads\/2026\/09\/para-WEB-ERpro-1068x716.png 1068w\" sizes=\"(max-width: 1921px) 100vw, 1921px\" \/><\/figure>\n\n\n\n<p>Fuente: Gobierno de Entre R\u00edos<\/p>\n","protected":false},"excerpt":{"rendered":"<p>En el marco del Plan integral de intervenci\u00f3n hidr\u00e1ulica, el Ente Interprovincial T\u00fanel Subfluvial &#8220;Ra\u00fal Uranga &#8211; Carlos Sylvestre Begnis&#8221; realiz\u00f3 este viernes tareas de limpieza y desobstrucci\u00f3n de los sistemas de desag\u00fce en distintos sectores de su jurisdicci\u00f3n, en conjunto con Aguas Santafesinas (ASSA) La intervenci\u00f3n form\u00f3 parte de las acciones de mantenimiento preventivo [&hellip;]<\/p>\n","protected":false},"author":5,"featured_media":61194,"comment_status":"open","ping_status":"open","sticky":false,"template":"","format":"standard","meta":{"footnotes":""},"categories":[38],"tags":[],"_links":{"self":[{"href":"https:\/\/lt15concordia.com.ar\/index.php\/wp-json\/wp\/v2\/posts\/61193"}],"collection":[{"href":"https:\/\/lt15concordia.com.ar\/index.php\/wp-json\/wp\/v2\/posts"}],"about":[{"href":"https:\/\/lt15concordia.com.ar\/index.php\/wp-json\/wp\/v2\/types\/post"}],"author":[{"embeddable":true,"href":"https:\/\/lt15concordia.com.ar\/index.php\/wp-json\/wp\/v2\/users\/5"}],"replies":[{"embeddable":true,"href":"https:\/\/lt15concordia.com.ar\/index.php\/wp-json\/wp\/v2\/comments?post=61193"}],"version-history":[{"count":1,"href":"https:\/\/lt15concordia.com.ar\/index.php\/wp-json\/wp\/v2\/posts\/61193\/revisions"}],"predecessor-version":[{"id":61197,"href":"https:\/\/lt15concordia.com.ar\/index.php\/wp-json\/wp\/v2\/posts\/61193\/revisions\/61197"}],"wp:featuredmedia":[{"embeddable":true,"href":"https:\/\/lt15concordia.com.ar\/index.php\/wp-json\/wp\/v2\/media\/61194"}],"wp:attachment":[{"href":"https:\/\/lt15concordia.com.ar\/index.php\/wp-json\/wp\/v2\/media?parent=61193"}],"wp:term":[{"taxonomy":"category","embeddable":true,"href":"https:\/\/lt15concordia.com.ar\/index.php\/wp-json\/wp\/v2\/categories?post=61193"},{"taxonomy":"post_tag","embeddable":true,"href":"https:\/\/lt15concordia.com.ar\/index.php\/wp-json\/wp\/v2\/tags?post=61193"}],"curies":[{"name":"wp","href":"https:\/\/api.w.org\/{rel}","templated":true}]}}