{"id":61190,"date":"2026-09-04T16:11:05","date_gmt":"2026-09-04T19:11:05","guid":{"rendered":"https:\/\/lt15concordia.com.ar\/?p=61190"},"modified":"2026-09-04T16:11:18","modified_gmt":"2026-09-04T19:11:18","slug":"oser-ampliara-el-horario-de-atencion-en-la-sede-de-gualeguay","status":"publish","type":"post","link":"https:\/\/lt15concordia.com.ar\/index.php\/2026\/09\/04\/oser-ampliara-el-horario-de-atencion-en-la-sede-de-gualeguay\/","title":{"rendered":"OSER ampliar\u00e1 el horario de atenci\u00f3n en la sede de Gualeguay"},"content":{"rendered":"\n<p><strong>La sede de la Obra Social de Entre R\u00edos (OSER) de Gualeguay ampliar\u00e1 su horario de atenci\u00f3n al p\u00fablico a partir del pr\u00f3ximo lunes 7 de septiembre<\/strong><\/p>\n\n\n\n<p>En el marco del plan integral de mejoras que lleva adelante la Obra Social para optimizar la atenci\u00f3n a sus afiliados en toda la provincia, la sede de Gualeguay, ubicada en calle G\u00fcemes 28, extender\u00e1 su horario de atenci\u00f3n hasta las 18.15. Al momento, la atenci\u00f3n se realizaba hasta las 14:45.<\/p>\n\n\n\n<p>Con esta ampliaci\u00f3n, ya son tres las sedes de OSER que durante el a\u00f1o incorporaron un horario extendido en distintos puntos de la provincia. La medida tiene como objetivo fortalecer la atenci\u00f3n presencial y facilitar el acceso a los servicios, especialmente en aquellas oficinas que registran una mayor concurrencia de afiliados.<\/p>\n\n\n\n<p>Adem\u00e1s, OSER recuerda que los afiliados cuentan con distintas opciones de autogesti\u00f3n a trav\u00e9s de la aplicaci\u00f3n Mi.OSER, que permite realizar tr\u00e1mites y consultas de manera \u00e1gil, sin necesidad de concurrir a una sede.<\/p>\n\n\n\n<p>La aplicaci\u00f3n puede descargarse y utilizarse desde el sitio oficial de Mi.OSER.<\/p>\n\n\n\n<p>Fuente: Gobierno de Entre R\u00edos<\/p>\n","protected":false},"excerpt":{"rendered":"<p>La sede de la Obra Social de Entre R\u00edos (OSER) de Gualeguay ampliar\u00e1 su horario de atenci\u00f3n al p\u00fablico a partir del pr\u00f3ximo lunes 7 de septiembre En el marco del plan integral de mejoras que lleva adelante la Obra Social para optimizar la atenci\u00f3n a sus afiliados en toda la provincia, la sede de [&hellip;]<\/p>\n","protected":false},"author":5,"featured_media":61191,"comment_status":"open","ping_status":"open","sticky":false,"template":"","format":"standard","meta":{"footnotes":""},"categories":[37],"tags":[],"_links":{"self":[{"href":"https:\/\/lt15concordia.com.ar\/index.php\/wp-json\/wp\/v2\/posts\/61190"}],"collection":[{"href":"https:\/\/lt15concordia.com.ar\/index.php\/wp-json\/wp\/v2\/posts"}],"about":[{"href":"https:\/\/lt15concordia.com.ar\/index.php\/wp-json\/wp\/v2\/types\/post"}],"author":[{"embeddable":true,"href":"https:\/\/lt15concordia.com.ar\/index.php\/wp-json\/wp\/v2\/users\/5"}],"replies":[{"embeddable":true,"href":"https:\/\/lt15concordia.com.ar\/index.php\/wp-json\/wp\/v2\/comments?post=61190"}],"version-history":[{"count":1,"href":"https:\/\/lt15concordia.com.ar\/index.php\/wp-json\/wp\/v2\/posts\/61190\/revisions"}],"predecessor-version":[{"id":61192,"href":"https:\/\/lt15concordia.com.ar\/index.php\/wp-json\/wp\/v2\/posts\/61190\/revisions\/61192"}],"wp:featuredmedia":[{"embeddable":true,"href":"https:\/\/lt15concordia.com.ar\/index.php\/wp-json\/wp\/v2\/media\/61191"}],"wp:attachment":[{"href":"https:\/\/lt15concordia.com.ar\/index.php\/wp-json\/wp\/v2\/media?parent=61190"}],"wp:term":[{"taxonomy":"category","embeddable":true,"href":"https:\/\/lt15concordia.com.ar\/index.php\/wp-json\/wp\/v2\/categories?post=61190"},{"taxonomy":"post_tag","embeddable":true,"href":"https:\/\/lt15concordia.com.ar\/index.php\/wp-json\/wp\/v2\/tags?post=61190"}],"curies":[{"name":"wp","href":"https:\/\/api.w.org\/{rel}","templated":true}]}}