{"id":61178,"date":"2026-09-04T15:31:41","date_gmt":"2026-09-04T18:31:41","guid":{"rendered":"https:\/\/lt15concordia.com.ar\/?p=61178"},"modified":"2026-09-04T15:31:52","modified_gmt":"2026-09-04T18:31:52","slug":"ex-combatientes-cruzan-a-milei-galtierazo-y-admiracion-por-thatcher","status":"publish","type":"post","link":"https:\/\/lt15concordia.com.ar\/index.php\/2026\/09\/04\/ex-combatientes-cruzan-a-milei-galtierazo-y-admiracion-por-thatcher\/","title":{"rendered":"Ex combatientes cruzan a Milei: &#8220;Galtierazo&#8221; y admiraci\u00f3n por Thatcher"},"content":{"rendered":"<p>Unas horas despu\u00e9s de la cadena nacional, los ex combatientes de Malvinas salieron a responder. Y no fue con aplausos. Desde el <strong>CECIM<\/strong>, la organizaci\u00f3n que nuclea a veteranos y sus abogados, el diagn\u00f3stico fue directo y sin anestesia: lo que hizo <strong>Javier Milei<\/strong> fue un <strong>&#8220;Galtierazo&#8221;<\/strong>.<\/p>\n<p><strong>Rodolfo Carrizo<\/strong>, titular del CECIM, fue el primero en poner el dedo en la llaga. &#8220;Es la mayor expresi\u00f3n de hipocres\u00eda del Presidente y su gabinete&#8221;, dijo en comunicaci\u00f3n radial, y agreg\u00f3 que &#8220;el discurso se explica con su admiraci\u00f3n por <strong>Margareth Thatcher<\/strong>&#8220;. No es un dato menor: el l\u00edder de <strong>La Libertad Avanza<\/strong> ha elogiado p\u00fablicamente a la ex premier brit\u00e1nica, la misma que orden\u00f3 hundir el Belgrano y recuperar las islas por la fuerza. La contradicci\u00f3n, para los veteranos, no necesita mucha explicaci\u00f3n.<\/p>\n<p>El abogado del CECIM, <strong>Jer\u00f3nimo Guerrero Iraola<\/strong>, fue m\u00e1s t\u00e9cnico pero igual de contundente. Evalu\u00f3 la posibilidad de presentar una <strong>medida cautelar<\/strong> para frenar el proyecto petrolero <strong>&#8220;Sea Lion&#8221;<\/strong> en las islas y apunt\u00f3 contra el contenido jur\u00eddico del discurso presidencial: &#8220;Busca un endurecimiento de penas sobre una ley que ya existe y sobre la que el Gobierno no ha echado mano&#8221;. Seg\u00fan el letrado, las reformas que Milei prometi\u00f3 anunciar ya est\u00e1n contempladas en la normativa vigente, incluso con penas duras. Nada nuevo bajo el sol austral.<\/p>\n<p>El punto m\u00e1s inc\u00f3modo, sin embargo, es concreto y verificable. <strong>Este jueves<\/strong>, Milei anunci\u00f3 sanciones para las empresas petroleras que operen en <strong>Malvinas<\/strong> y la construcci\u00f3n de una <strong>base militar en Tierra del Fuego<\/strong>. Pero las firmas <strong>Rockhopper Exploration<\/strong>, de Gran Breta\u00f1a, y <strong>Navitas Petroleum<\/strong>, de Israel, llevan adelante la b\u00fasqueda de petr\u00f3leo bajo el mar al norte de las islas y nunca fueron sancionadas durante esta gesti\u00f3n. El discurso soberanista choca, entonces, con una omisi\u00f3n que los veteranos no est\u00e1n dispuestos a pasar por alto.<\/p>\n<p>Tambi\u00e9n se\u00f1al\u00f3 Carrizo que, a su entender, <strong>Estados Unidos<\/strong> siempre tuvo inter\u00e9s estrat\u00e9gico en Malvinas por su posici\u00f3n geogr\u00e1fica y sus riquezas naturales, lo que agrega una capa de lectura geopol\u00edtica al episodio. El debate sobre las islas sigue abierto, pero esta vez los que m\u00e1s tienen para decir son los que estuvieron ah\u00ed.<\/p>\n<p><script type=\"application\/ld+json\">{\"@context\": \"https:\/\/schema.org\", \"@type\": \"NewsArticle\", \"headline\": \"Ex combatientes cruzan a Milei: \\\"Galtierazo\\\" y admiraci\u00f3n por Thatcher\", \"description\": \"Desde el CECIM cuestionaron el discurso presidencial sobre Malvinas y marcaron contradicciones entre las palabras y la gesti\u00f3n de La Libertad Avanza.\", \"datePublished\": \"2026-09-04T15:31:52-03:00\", \"dateModified\": \"2026-09-04T15:31:52-03:00\", \"inLanguage\": \"es-AR\", \"articleSection\": \"nacionales\", \"author\": {\"@type\": \"Organization\", \"name\": \"Redaccion LT15 Concordia\", \"url\": \"https:\/\/lt15concordia.com.ar\"}, \"publisher\": {\"@type\": \"Organization\", \"name\": \"LT15 Concordia\"}, \"mainEntityOfPage\": {\"@type\": \"WebPage\", \"@id\": \"https:\/\/lt15concordia.com.ar\/index.php\/2026\/09\/04\/ex-combatientes-cruzan-a-milei-galtierazo-y-admiracion-por-thatcher\/\"}, \"image\": [\"https:\/\/www.diariojunio.com.ar\/wp-content\/uploads\/2026\/09\/MILEI-Cadena-nacional2026.webp\"]}<\/script><\/p>\n","protected":false},"excerpt":{"rendered":"<p>Desde el CECIM cuestionaron el discurso presidencial sobre Malvinas y marcaron contradicciones entre las palabras y la gesti\u00f3n de La Libertad Avanza.<\/p>\n","protected":false},"author":5,"featured_media":61177,"comment_status":"closed","ping_status":"closed","sticky":false,"template":"","format":"standard","meta":{"footnotes":""},"categories":[89],"tags":[4792,382,224,513,2193,2411],"_links":{"self":[{"href":"https:\/\/lt15concordia.com.ar\/index.php\/wp-json\/wp\/v2\/posts\/61178"}],"collection":[{"href":"https:\/\/lt15concordia.com.ar\/index.php\/wp-json\/wp\/v2\/posts"}],"about":[{"href":"https:\/\/lt15concordia.com.ar\/index.php\/wp-json\/wp\/v2\/types\/post"}],"author":[{"embeddable":true,"href":"https:\/\/lt15concordia.com.ar\/index.php\/wp-json\/wp\/v2\/users\/5"}],"replies":[{"embeddable":true,"href":"https:\/\/lt15concordia.com.ar\/index.php\/wp-json\/wp\/v2\/comments?post=61178"}],"version-history":[{"count":2,"href":"https:\/\/lt15concordia.com.ar\/index.php\/wp-json\/wp\/v2\/posts\/61178\/revisions"}],"predecessor-version":[{"id":61180,"href":"https:\/\/lt15concordia.com.ar\/index.php\/wp-json\/wp\/v2\/posts\/61178\/revisions\/61180"}],"wp:featuredmedia":[{"embeddable":true,"href":"https:\/\/lt15concordia.com.ar\/index.php\/wp-json\/wp\/v2\/media\/61177"}],"wp:attachment":[{"href":"https:\/\/lt15concordia.com.ar\/index.php\/wp-json\/wp\/v2\/media?parent=61178"}],"wp:term":[{"taxonomy":"category","embeddable":true,"href":"https:\/\/lt15concordia.com.ar\/index.php\/wp-json\/wp\/v2\/categories?post=61178"},{"taxonomy":"post_tag","embeddable":true,"href":"https:\/\/lt15concordia.com.ar\/index.php\/wp-json\/wp\/v2\/tags?post=61178"}],"curies":[{"name":"wp","href":"https:\/\/api.w.org\/{rel}","templated":true}]}}