{"id":61174,"date":"2026-09-04T15:30:50","date_gmt":"2026-09-04T18:30:50","guid":{"rendered":"https:\/\/lt15concordia.com.ar\/?p=61174"},"modified":"2026-09-04T15:31:00","modified_gmt":"2026-09-04T18:31:00","slug":"despisto-en-el-acceso-a-piedras-blancas-y-choco-contra-una-vivienda","status":"publish","type":"post","link":"https:\/\/lt15concordia.com.ar\/index.php\/2026\/09\/04\/despisto-en-el-acceso-a-piedras-blancas-y-choco-contra-una-vivienda\/","title":{"rendered":"Despist\u00f3 en el acceso a Piedras Blancas y choc\u00f3 contra una vivienda"},"content":{"rendered":"<p>El impacto fue fuerte, pero el desenlace pudo haber sido mucho peor. Un joven de <strong>22 a\u00f1os<\/strong> protagoniz\u00f3 un despiste en el <strong>acceso a Piedras Blancas<\/strong> y termin\u00f3 chocando contra la columna de ingreso de una vivienda particular.<\/p>\n<p>Pese a la violencia del golpe, el conductor sufri\u00f3 <strong>lesiones leves<\/strong>, seg\u00fan confirmaron fuentes vinculadas al hecho. El veh\u00edculo perdi\u00f3 el control en la zona de acceso a la localidad antes de impactar contra la estructura de la propiedad.<\/p>\n<p>Las causas del despiste no fueron precisadas de manera oficial, aunque este tipo de siniestros en accesos y rutas de la regi\u00f3n suele estar vinculado a exceso de velocidad o p\u00e9rdida de control en tramos de curva o ingreso. El estado de la infraestructura y la se\u00f1alizaci\u00f3n de esos accesos es, en muchos casos, un factor que agrava las consecuencias.<\/p>\n<p>El joven fue atendido en el lugar. La vivienda afectada registr\u00f3 da\u00f1os en su columna de ingreso, aunque no se reportaron v\u00edctimas entre los ocupantes de la propiedad. Un recordatorio m\u00e1s de que los accesos a las localidades exigen atenci\u00f3n y velocidad adecuada.<\/p>\n<p><script type=\"application\/ld+json\">{\"@context\": \"https:\/\/schema.org\", \"@type\": \"NewsArticle\", \"headline\": \"Despist\u00f3 en el acceso a Piedras Blancas y choc\u00f3 contra una vivienda\", \"description\": \"Un joven de 22 a\u00f1os perdi\u00f3 el control del veh\u00edculo en el acceso a Piedras Blancas y termin\u00f3 impactando contra la columna de ingreso de una casa. Result\u00f3 con lesiones leves.\", \"datePublished\": \"2026-09-04T15:31:00-03:00\", \"dateModified\": \"2026-09-04T15:31:00-03:00\", \"inLanguage\": \"es-AR\", \"articleSection\": \"seguridad\", \"author\": {\"@type\": \"Organization\", \"name\": \"Redaccion LT15 Concordia\", \"url\": \"https:\/\/lt15concordia.com.ar\"}, \"publisher\": {\"@type\": \"Organization\", \"name\": \"LT15 Concordia\"}, \"mainEntityOfPage\": {\"@type\": \"WebPage\", \"@id\": \"https:\/\/lt15concordia.com.ar\/index.php\/2026\/09\/04\/despisto-en-el-acceso-a-piedras-blancas-y-choco-contra-una-vivienda\/\"}, \"image\": [\"https:\/\/elonce-media.elonce.com\/fotos\/2026\/09\/04\/m_1788544686_68598.webp\"]}<\/script><\/p>\n","protected":false},"excerpt":{"rendered":"<p>Un joven de 22 a\u00f1os perdi\u00f3 el control del veh\u00edculo en el acceso a Piedras Blancas y termin\u00f3 impactando contra la columna de ingreso de una casa. Result\u00f3 con lesiones leves.<\/p>\n","protected":false},"author":5,"featured_media":61173,"comment_status":"closed","ping_status":"closed","sticky":false,"template":"","format":"standard","meta":{"footnotes":""},"categories":[33,37],"tags":[2166,4791,63,3820,1171],"_links":{"self":[{"href":"https:\/\/lt15concordia.com.ar\/index.php\/wp-json\/wp\/v2\/posts\/61174"}],"collection":[{"href":"https:\/\/lt15concordia.com.ar\/index.php\/wp-json\/wp\/v2\/posts"}],"about":[{"href":"https:\/\/lt15concordia.com.ar\/index.php\/wp-json\/wp\/v2\/types\/post"}],"author":[{"embeddable":true,"href":"https:\/\/lt15concordia.com.ar\/index.php\/wp-json\/wp\/v2\/users\/5"}],"replies":[{"embeddable":true,"href":"https:\/\/lt15concordia.com.ar\/index.php\/wp-json\/wp\/v2\/comments?post=61174"}],"version-history":[{"count":2,"href":"https:\/\/lt15concordia.com.ar\/index.php\/wp-json\/wp\/v2\/posts\/61174\/revisions"}],"predecessor-version":[{"id":61176,"href":"https:\/\/lt15concordia.com.ar\/index.php\/wp-json\/wp\/v2\/posts\/61174\/revisions\/61176"}],"wp:featuredmedia":[{"embeddable":true,"href":"https:\/\/lt15concordia.com.ar\/index.php\/wp-json\/wp\/v2\/media\/61173"}],"wp:attachment":[{"href":"https:\/\/lt15concordia.com.ar\/index.php\/wp-json\/wp\/v2\/media?parent=61174"}],"wp:term":[{"taxonomy":"category","embeddable":true,"href":"https:\/\/lt15concordia.com.ar\/index.php\/wp-json\/wp\/v2\/categories?post=61174"},{"taxonomy":"post_tag","embeddable":true,"href":"https:\/\/lt15concordia.com.ar\/index.php\/wp-json\/wp\/v2\/tags?post=61174"}],"curies":[{"name":"wp","href":"https:\/\/api.w.org\/{rel}","templated":true}]}}