{"id":61166,"date":"2026-09-04T14:32:22","date_gmt":"2026-09-04T17:32:22","guid":{"rendered":"https:\/\/lt15concordia.com.ar\/?p=61166"},"modified":"2026-09-04T14:32:33","modified_gmt":"2026-09-04T17:32:33","slug":"villa-clara-celebra-el-mate-cocido-y-la-torta-frita-este-domingo","status":"publish","type":"post","link":"https:\/\/lt15concordia.com.ar\/index.php\/2026\/09\/04\/villa-clara-celebra-el-mate-cocido-y-la-torta-frita-este-domingo\/","title":{"rendered":"Villa Clara celebra el mate cocido y la torta frita este domingo"},"content":{"rendered":"<p>El domingo tiene sabor a tradici\u00f3n en <strong>Villa Clara<\/strong>. La <strong>sexta edici\u00f3n de la Fiesta del Mate Cocido y la Torta Frita<\/strong> vuelve a tomar el <strong>Paseo de la Estaci\u00f3n<\/strong> con todo lo que hace grande a este tipo de encuentros: calor de pueblo, emprendedores con ganas y el aroma inconfundible de la masa fri\u00e9ndose en la paila.<\/p>\n<p>La propuesta es amplia. <strong>Ocho variedades de torta frita<\/strong> estar\u00e1n disponibles para degustar, una oferta que promete sorprender incluso a los m\u00e1s fieles defensores de la receta cl\u00e1sica. A eso se suman <strong>m\u00e1s de 50 emprendedores<\/strong> que van a montar sus puestos, lo que convierte al evento en una vidriera real de la producci\u00f3n local y regional.<\/p>\n<p>El programa incluye <strong>espect\u00e1culos musicales en vivo<\/strong> y una muestra de <strong>autos antiguos<\/strong>, ese condimento que siempre suma nostalgia y convoca a las familias. Y lo m\u00e1s importante para el bolsillo: <strong>entrada libre y gratuita<\/strong>, sin excusas para quedarse en casa.<\/p>\n<p>La fiesta arranca este <strong>domingo 6 de septiembre<\/strong> en el <strong>Paseo de la Estaci\u00f3n de Villa Clara<\/strong>, una localidad que con cada edici\u00f3n consolida este evento como uno de los encuentros culturales y gastron\u00f3micos m\u00e1s queridos de la zona.<\/p>\n<p><script type=\"application\/ld+json\">{\"@context\": \"https:\/\/schema.org\", \"@type\": \"NewsArticle\", \"headline\": \"Villa Clara celebra el mate cocido y la torta frita este domingo\", \"description\": \"La sexta edici\u00f3n de la Fiesta del Mate Cocido y la Torta Frita llega el 6 de septiembre al Paseo de la Estaci\u00f3n de Villa Clara, con entrada libre.\", \"datePublished\": \"2026-09-04T14:32:33-03:00\", \"dateModified\": \"2026-09-04T14:32:33-03:00\", \"inLanguage\": \"es-AR\", \"articleSection\": \"cultura\", \"author\": {\"@type\": \"Organization\", \"name\": \"Redaccion LT15 Concordia\", \"url\": \"https:\/\/lt15concordia.com.ar\"}, \"publisher\": {\"@type\": \"Organization\", \"name\": \"LT15 Concordia\"}, \"mainEntityOfPage\": {\"@type\": \"WebPage\", \"@id\": \"https:\/\/lt15concordia.com.ar\/index.php\/2026\/09\/04\/villa-clara-celebra-el-mate-cocido-y-la-torta-frita-este-domingo\/\"}, \"image\": [\"https:\/\/elonce-media.elonce.com\/fotos\/2026\/09\/04\/m_1788542123_73488.webp\"]}<\/script><\/p>\n","protected":false},"excerpt":{"rendered":"<p>La sexta edici\u00f3n de la Fiesta del Mate Cocido y la Torta Frita llega el 6 de septiembre al Paseo de la Estaci\u00f3n de Villa Clara, con entrada libre.<\/p>\n","protected":false},"author":5,"featured_media":61165,"comment_status":"closed","ping_status":"closed","sticky":false,"template":"","format":"standard","meta":{"footnotes":""},"categories":[38],"tags":[63,4785,367,4787,4786,4784],"_links":{"self":[{"href":"https:\/\/lt15concordia.com.ar\/index.php\/wp-json\/wp\/v2\/posts\/61166"}],"collection":[{"href":"https:\/\/lt15concordia.com.ar\/index.php\/wp-json\/wp\/v2\/posts"}],"about":[{"href":"https:\/\/lt15concordia.com.ar\/index.php\/wp-json\/wp\/v2\/types\/post"}],"author":[{"embeddable":true,"href":"https:\/\/lt15concordia.com.ar\/index.php\/wp-json\/wp\/v2\/users\/5"}],"replies":[{"embeddable":true,"href":"https:\/\/lt15concordia.com.ar\/index.php\/wp-json\/wp\/v2\/comments?post=61166"}],"version-history":[{"count":2,"href":"https:\/\/lt15concordia.com.ar\/index.php\/wp-json\/wp\/v2\/posts\/61166\/revisions"}],"predecessor-version":[{"id":61168,"href":"https:\/\/lt15concordia.com.ar\/index.php\/wp-json\/wp\/v2\/posts\/61166\/revisions\/61168"}],"wp:featuredmedia":[{"embeddable":true,"href":"https:\/\/lt15concordia.com.ar\/index.php\/wp-json\/wp\/v2\/media\/61165"}],"wp:attachment":[{"href":"https:\/\/lt15concordia.com.ar\/index.php\/wp-json\/wp\/v2\/media?parent=61166"}],"wp:term":[{"taxonomy":"category","embeddable":true,"href":"https:\/\/lt15concordia.com.ar\/index.php\/wp-json\/wp\/v2\/categories?post=61166"},{"taxonomy":"post_tag","embeddable":true,"href":"https:\/\/lt15concordia.com.ar\/index.php\/wp-json\/wp\/v2\/tags?post=61166"}],"curies":[{"name":"wp","href":"https:\/\/api.w.org\/{rel}","templated":true}]}}