{"id":61162,"date":"2026-09-04T14:31:38","date_gmt":"2026-09-04T17:31:38","guid":{"rendered":"https:\/\/lt15concordia.com.ar\/?p=61162"},"modified":"2026-09-04T14:31:48","modified_gmt":"2026-09-04T17:31:48","slug":"crimen-de-bassi-el-fiscal-hablo-de-un-plan-y-revelo-las-pruebas-clave","status":"publish","type":"post","link":"https:\/\/lt15concordia.com.ar\/index.php\/2026\/09\/04\/crimen-de-bassi-el-fiscal-hablo-de-un-plan-y-revelo-las-pruebas-clave\/","title":{"rendered":"Crimen de Bassi: el fiscal habl\u00f3 de un plan y revel\u00f3 las pruebas clave"},"content":{"rendered":"<p>Dos acusados, un plan, y pruebas que el fiscal dice que los comprometen de lleno. As\u00ed avanza la causa por el crimen de <strong>Rodolfo Bassi<\/strong>, uno de los casos que m\u00e1s conmoci\u00f3n gener\u00f3 en la provincia.<\/p>\n<p>El fiscal <strong>Juan Manuel Pereyra<\/strong> fue contundente al referirse al estado de la investigaci\u00f3n: sostuvo que los imputados <strong>Aguilar e Inofre<\/strong> habr\u00edan actuado en conjunto y que la violencia ejercida contra la v\u00edctima fue, en sus propias palabras, <strong>&#8220;realmente tremenda&#8221;<\/strong>. No se trat\u00f3 de un hecho aislado ni de una circunstancia fortuita, seg\u00fan la lectura del Ministerio P\u00fablico: hubo, para el fiscal, un plan deliberado entre ambos.<\/p>\n<p>La figura del acuerdo previo entre los acusados es central en la estrategia de la acusaci\u00f3n. Si la fiscal\u00eda logra sostener ese argumento ante el tribunal, el peso legal sobre Aguilar e Inofre se vuelve considerablemente mayor, porque implica no solo la participaci\u00f3n en el hecho sino tambi\u00e9n la coordinaci\u00f3n para ejecutarlo.<\/p>\n<p>Por ahora, la justicia dispuso <strong>60 d\u00edas de prisi\u00f3n preventiva<\/strong> para ambos imputados, una medida que busca asegurar su presencia en el proceso y evitar cualquier posibilidad de entorpecimiento de la investigaci\u00f3n. El plazo no es menor: en ese tiempo, la fiscal\u00eda deber\u00e1 consolidar el cuadro probatorio que hoy describe como s\u00f3lido.<\/p>\n<p>\u00bfQu\u00e9 pruebas tiene Pereyra en la mano? El fiscal habl\u00f3 de elementos que comprometer\u00edan a los acusados, aunque sin detallar p\u00fablicamente la totalidad del material reunido, algo habitual en esta etapa del proceso para no perjudicar la investigaci\u00f3n. Lo que s\u00ed dej\u00f3 en claro es que la hip\u00f3tesis del accionar conjunto est\u00e1 respaldada por evidencia concreta, no por suposiciones.<\/p>\n<p>El caso sigue su curso con los dos imputados detenidos y la fiscal\u00eda trabajando para llevar el expediente a juicio oral con el mayor peso posible.<\/p>\n<p><script type=\"application\/ld+json\">{\"@context\": \"https:\/\/schema.org\", \"@type\": \"NewsArticle\", \"headline\": \"Crimen de Bassi: el fiscal habl\u00f3 de un plan y revel\u00f3 las pruebas clave\", \"description\": \"El fiscal Pereyra sostuvo que los dos imputados actuaron juntos con 'violencia f\u00edsica realmente tremenda'. Aguilar e Inofre quedaron con 60 d\u00edas de preventiva.\", \"datePublished\": \"2026-09-04T14:31:48-03:00\", \"dateModified\": \"2026-09-04T14:31:48-03:00\", \"inLanguage\": \"es-AR\", \"articleSection\": \"seguridad\", \"author\": {\"@type\": \"Organization\", \"name\": \"Redaccion LT15 Concordia\", \"url\": \"https:\/\/lt15concordia.com.ar\"}, \"publisher\": {\"@type\": \"Organization\", \"name\": \"LT15 Concordia\"}, \"mainEntityOfPage\": {\"@type\": \"WebPage\", \"@id\": \"https:\/\/lt15concordia.com.ar\/index.php\/2026\/09\/04\/crimen-de-bassi-el-fiscal-hablo-de-un-plan-y-revelo-las-pruebas-clave\/\"}, \"image\": [\"https:\/\/elonce-media.elonce.com\/fotos\/2026\/09\/04\/m_1788540827_90685.webp\"]}<\/script><\/p>\n","protected":false},"excerpt":{"rendered":"<p>El fiscal Pereyra sostuvo que los dos imputados actuaron juntos con &#8216;violencia f\u00edsica realmente tremenda&#8217;. Aguilar e Inofre quedaron con 60 d\u00edas de preventiva.<\/p>\n","protected":false},"author":5,"featured_media":61161,"comment_status":"closed","ping_status":"closed","sticky":false,"template":"","format":"standard","meta":{"footnotes":""},"categories":[33,37],"tags":[4782,63,4783,2205,1826],"_links":{"self":[{"href":"https:\/\/lt15concordia.com.ar\/index.php\/wp-json\/wp\/v2\/posts\/61162"}],"collection":[{"href":"https:\/\/lt15concordia.com.ar\/index.php\/wp-json\/wp\/v2\/posts"}],"about":[{"href":"https:\/\/lt15concordia.com.ar\/index.php\/wp-json\/wp\/v2\/types\/post"}],"author":[{"embeddable":true,"href":"https:\/\/lt15concordia.com.ar\/index.php\/wp-json\/wp\/v2\/users\/5"}],"replies":[{"embeddable":true,"href":"https:\/\/lt15concordia.com.ar\/index.php\/wp-json\/wp\/v2\/comments?post=61162"}],"version-history":[{"count":2,"href":"https:\/\/lt15concordia.com.ar\/index.php\/wp-json\/wp\/v2\/posts\/61162\/revisions"}],"predecessor-version":[{"id":61164,"href":"https:\/\/lt15concordia.com.ar\/index.php\/wp-json\/wp\/v2\/posts\/61162\/revisions\/61164"}],"wp:featuredmedia":[{"embeddable":true,"href":"https:\/\/lt15concordia.com.ar\/index.php\/wp-json\/wp\/v2\/media\/61161"}],"wp:attachment":[{"href":"https:\/\/lt15concordia.com.ar\/index.php\/wp-json\/wp\/v2\/media?parent=61162"}],"wp:term":[{"taxonomy":"category","embeddable":true,"href":"https:\/\/lt15concordia.com.ar\/index.php\/wp-json\/wp\/v2\/categories?post=61162"},{"taxonomy":"post_tag","embeddable":true,"href":"https:\/\/lt15concordia.com.ar\/index.php\/wp-json\/wp\/v2\/tags?post=61162"}],"curies":[{"name":"wp","href":"https:\/\/api.w.org\/{rel}","templated":true}]}}