{"id":61154,"date":"2026-09-04T13:32:05","date_gmt":"2026-09-04T16:32:05","guid":{"rendered":"https:\/\/lt15concordia.com.ar\/?p=61154"},"modified":"2026-09-04T13:32:17","modified_gmt":"2026-09-04T16:32:17","slug":"asalto-al-camionero-en-concepcion-del-uruguay-un-detenido-y-replica-de-arma-secu","status":"publish","type":"post","link":"https:\/\/lt15concordia.com.ar\/index.php\/2026\/09\/04\/asalto-al-camionero-en-concepcion-del-uruguay-un-detenido-y-replica-de-arma-secu\/","title":{"rendered":"Asalto al camionero en Concepci\u00f3n del Uruguay: un detenido y r\u00e9plica de arma secuestrada"},"content":{"rendered":"<p>Dos encapuchados, el momento justo despu\u00e9s de una entrega de mercader\u00eda, y un chofer que no tuvo tiempo de reaccionar. As\u00ed fue el violento asalto a un <strong>cami\u00f3n de reparto en Concepci\u00f3n del Uruguay<\/strong> que deriv\u00f3 en una detenci\u00f3n y el secuestro de una r\u00e9plica de arma de fuego.<\/p>\n<p>Seg\u00fan se pudo reconstruir, los atacantes sorprendieron al <strong>chofer y su acompa\u00f1ante<\/strong> cuando terminaban una entrega. El modus operandi fue directo: encapuchados, sin margen para la resistencia. El hecho gener\u00f3 de inmediato la intervenci\u00f3n policial.<\/p>\n<p>La investigaci\u00f3n no tard\u00f3 en dar resultados. Un <strong>allanamiento en el barrio 30 de Octubre<\/strong> permiti\u00f3 identificar y detener a un sospechoso. En el procedimiento tambi\u00e9n se secuestr\u00f3 una <strong>r\u00e9plica de arma<\/strong>, el elemento que habr\u00eda sido utilizado para intimidar a las v\u00edctimas durante el robo.<\/p>\n<p>Un hombre qued\u00f3 <strong>detenido<\/strong> como consecuencia del operativo. La causa contin\u00faa en manos de la Justicia de <strong>Concepci\u00f3n del Uruguay<\/strong>, que deber\u00e1 determinar si hay m\u00e1s involucrados en el hecho y cu\u00e1l es la situaci\u00f3n procesal del aprehendido.<\/p>\n<p><script type=\"application\/ld+json\">{\"@context\": \"https:\/\/schema.org\", \"@type\": \"NewsArticle\", \"headline\": \"Asalto al camionero en Concepci\u00f3n del Uruguay: un detenido y r\u00e9plica de arma secuestrada\", \"description\": \"Dos encapuchados asaltaron a un cami\u00f3n de reparto en Concepci\u00f3n del Uruguay. Un allanamiento en barrio 30 de Octubre termin\u00f3 con un detenido y una r\u00e9plica de arma secuestrada.\", \"datePublished\": \"2026-09-04T13:32:16-03:00\", \"dateModified\": \"2026-09-04T13:32:16-03:00\", \"inLanguage\": \"es-AR\", \"articleSection\": \"seguridad\", \"author\": {\"@type\": \"Organization\", \"name\": \"Redaccion LT15 Concordia\", \"url\": \"https:\/\/lt15concordia.com.ar\"}, \"publisher\": {\"@type\": \"Organization\", \"name\": \"LT15 Concordia\"}, \"mainEntityOfPage\": {\"@type\": \"WebPage\", \"@id\": \"https:\/\/lt15concordia.com.ar\/index.php\/2026\/09\/04\/asalto-al-camionero-en-concepcion-del-uruguay-un-detenido-y-replica-de-arma-secu\/\"}, \"image\": [\"https:\/\/elonce-media.elonce.com\/fotos\/2026\/09\/04\/m_1788537563_67392.webp\"]}<\/script><\/p>\n","protected":false},"excerpt":{"rendered":"<p>Dos encapuchados asaltaron a un cami\u00f3n de reparto en Concepci\u00f3n del Uruguay. Un allanamiento en barrio 30 de Octubre termin\u00f3 con un detenido y una r\u00e9plica de arma secuestrada.<\/p>\n","protected":false},"author":5,"featured_media":61153,"comment_status":"closed","ping_status":"closed","sticky":false,"template":"","format":"standard","meta":{"footnotes":""},"categories":[33,37],"tags":[1072,4781,50,1915,2205],"_links":{"self":[{"href":"https:\/\/lt15concordia.com.ar\/index.php\/wp-json\/wp\/v2\/posts\/61154"}],"collection":[{"href":"https:\/\/lt15concordia.com.ar\/index.php\/wp-json\/wp\/v2\/posts"}],"about":[{"href":"https:\/\/lt15concordia.com.ar\/index.php\/wp-json\/wp\/v2\/types\/post"}],"author":[{"embeddable":true,"href":"https:\/\/lt15concordia.com.ar\/index.php\/wp-json\/wp\/v2\/users\/5"}],"replies":[{"embeddable":true,"href":"https:\/\/lt15concordia.com.ar\/index.php\/wp-json\/wp\/v2\/comments?post=61154"}],"version-history":[{"count":2,"href":"https:\/\/lt15concordia.com.ar\/index.php\/wp-json\/wp\/v2\/posts\/61154\/revisions"}],"predecessor-version":[{"id":61156,"href":"https:\/\/lt15concordia.com.ar\/index.php\/wp-json\/wp\/v2\/posts\/61154\/revisions\/61156"}],"wp:featuredmedia":[{"embeddable":true,"href":"https:\/\/lt15concordia.com.ar\/index.php\/wp-json\/wp\/v2\/media\/61153"}],"wp:attachment":[{"href":"https:\/\/lt15concordia.com.ar\/index.php\/wp-json\/wp\/v2\/media?parent=61154"}],"wp:term":[{"taxonomy":"category","embeddable":true,"href":"https:\/\/lt15concordia.com.ar\/index.php\/wp-json\/wp\/v2\/categories?post=61154"},{"taxonomy":"post_tag","embeddable":true,"href":"https:\/\/lt15concordia.com.ar\/index.php\/wp-json\/wp\/v2\/tags?post=61154"}],"curies":[{"name":"wp","href":"https:\/\/api.w.org\/{rel}","templated":true}]}}