{"id":61142,"date":"2026-09-04T12:34:50","date_gmt":"2026-09-04T15:34:50","guid":{"rendered":"https:\/\/lt15concordia.com.ar\/?p=61142"},"modified":"2026-09-04T12:35:03","modified_gmt":"2026-09-04T15:35:03","slug":"caso-bassi-fiscal-acusa-a-los-imputados-de-torturarlo-y-matarlo-a-mazazos","status":"publish","type":"post","link":"https:\/\/lt15concordia.com.ar\/index.php\/2026\/09\/04\/caso-bassi-fiscal-acusa-a-los-imputados-de-torturarlo-y-matarlo-a-mazazos\/","title":{"rendered":"Caso Bassi: fiscal acusa a los imputados de torturarlo y matarlo a mazazos"},"content":{"rendered":"<p>Lo maniataron, lo torturaron para arrancarle lo que ten\u00eda, y finalmente le descargaron tres golpes en la cabeza que lo mataron. Esa es la reconstrucci\u00f3n que la <strong>Fiscal\u00eda<\/strong> presenta sobre el crimen del arquitecto <strong>Rodolfo Bassi<\/strong>, uno de los casos m\u00e1s crudos que llegaron a juicio en <strong>Entre R\u00edos<\/strong> en los \u00faltimos tiempos.<\/p>\n<p>Los acusados son <strong>Carlos Aguilar<\/strong> y <strong>Claudio Inofre<\/strong>. Seg\u00fan la acusaci\u00f3n fiscal, la dupla actu\u00f3 con un m\u00e9todo que va mucho m\u00e1s all\u00e1 de un robo que sali\u00f3 mal: primero inmovilizaron a la v\u00edctima, luego la sometieron a una sesi\u00f3n de tortura con el objetivo de robarle, y cuando ya no hab\u00eda m\u00e1s que extraer, los golpes mortales cerraron el cuadro. <strong>Tres impactos en la cabeza<\/strong>, suficientes para matar.<\/p>\n<p>La figura de la tortura es central en la estrategia del Ministerio P\u00fablico, porque agrava sustancialmente la calificaci\u00f3n legal del hecho y aleja cualquier posibilidad de encuadrarlo como un episodio de violencia impulsiva o circunstancial. Para la Fiscal\u00eda, hubo <strong>planificaci\u00f3n, ensa\u00f1amiento y crueldad<\/strong>.<\/p>\n<p>El caso Bassi conmocion\u00f3 a la provincia desde el momento en que se conoci\u00f3 la muerte del profesional. La identidad de los imputados, la modalidad del crimen y el contexto del robo convirtieron al expediente en uno de los m\u00e1s seguidos de la agenda judicial entrerriana. Ahora, con la acusaci\u00f3n formal desplegada, el juicio entra en su etapa m\u00e1s decisiva: la de probar ante el tribunal cada uno de esos extremos que la Fiscal\u00eda pone sobre la mesa.<\/p>\n<p>Aguilar e Inofre enfrentan una acusaci\u00f3n de enorme peso. Lo que el fiscal describe es un homicidio calificado con caracter\u00edsticas que, de confirmarse en el debate oral, dejan muy poco margen para la defensa. El veredicto definir\u00e1 si la versi\u00f3n acusatoria resiste el escrutinio del tribunal.<\/p>\n<p><script type=\"application\/ld+json\">{\"@context\": \"https:\/\/schema.org\", \"@type\": \"NewsArticle\", \"headline\": \"Caso Bassi: fiscal acusa a los imputados de torturarlo y matarlo a mazazos\", \"description\": \"El fiscal sostiene que Carlos Aguilar y Claudio Inofre maniataron y torturaron al arquitecto Rodolfo Bassi para robarle, y le provocaron tres golpes mortales en la cabeza.\", \"datePublished\": \"2026-09-04T12:35:02-03:00\", \"dateModified\": \"2026-09-04T12:35:02-03:00\", \"inLanguage\": \"es-AR\", \"articleSection\": \"seguridad\", \"author\": {\"@type\": \"Organization\", \"name\": \"Redaccion LT15 Concordia\", \"url\": \"https:\/\/lt15concordia.com.ar\"}, \"publisher\": {\"@type\": \"Organization\", \"name\": \"LT15 Concordia\"}, \"mainEntityOfPage\": {\"@type\": \"WebPage\", \"@id\": \"https:\/\/lt15concordia.com.ar\/index.php\/2026\/09\/04\/caso-bassi-fiscal-acusa-a-los-imputados-de-torturarlo-y-matarlo-a-mazazos\/\"}, \"image\": [\"https:\/\/elonce-media.elonce.com\/fotos\/2026\/09\/04\/m_1788535778_30790.webp\"]}<\/script><\/p>\n","protected":false},"excerpt":{"rendered":"<p>El fiscal sostiene que Carlos Aguilar y Claudio Inofre maniataron y torturaron al arquitecto Rodolfo Bassi para robarle, y le provocaron tres golpes mortales en la cabeza.<\/p>\n","protected":false},"author":5,"featured_media":61141,"comment_status":"closed","ping_status":"closed","sticky":false,"template":"","format":"standard","meta":{"footnotes":""},"categories":[33,37],"tags":[4777,63,200,1376,2205],"_links":{"self":[{"href":"https:\/\/lt15concordia.com.ar\/index.php\/wp-json\/wp\/v2\/posts\/61142"}],"collection":[{"href":"https:\/\/lt15concordia.com.ar\/index.php\/wp-json\/wp\/v2\/posts"}],"about":[{"href":"https:\/\/lt15concordia.com.ar\/index.php\/wp-json\/wp\/v2\/types\/post"}],"author":[{"embeddable":true,"href":"https:\/\/lt15concordia.com.ar\/index.php\/wp-json\/wp\/v2\/users\/5"}],"replies":[{"embeddable":true,"href":"https:\/\/lt15concordia.com.ar\/index.php\/wp-json\/wp\/v2\/comments?post=61142"}],"version-history":[{"count":2,"href":"https:\/\/lt15concordia.com.ar\/index.php\/wp-json\/wp\/v2\/posts\/61142\/revisions"}],"predecessor-version":[{"id":61144,"href":"https:\/\/lt15concordia.com.ar\/index.php\/wp-json\/wp\/v2\/posts\/61142\/revisions\/61144"}],"wp:featuredmedia":[{"embeddable":true,"href":"https:\/\/lt15concordia.com.ar\/index.php\/wp-json\/wp\/v2\/media\/61141"}],"wp:attachment":[{"href":"https:\/\/lt15concordia.com.ar\/index.php\/wp-json\/wp\/v2\/media?parent=61142"}],"wp:term":[{"taxonomy":"category","embeddable":true,"href":"https:\/\/lt15concordia.com.ar\/index.php\/wp-json\/wp\/v2\/categories?post=61142"},{"taxonomy":"post_tag","embeddable":true,"href":"https:\/\/lt15concordia.com.ar\/index.php\/wp-json\/wp\/v2\/tags?post=61142"}],"curies":[{"name":"wp","href":"https:\/\/api.w.org\/{rel}","templated":true}]}}